{"id":76529,"date":"2026-03-01T10:00:00","date_gmt":"2026-03-01T10:00:00","guid":{"rendered":"https:\/\/www.fisioterapiasanfelix.com\/?p=76529"},"modified":"2026-08-22T18:02:06","modified_gmt":"2026-08-22T18:02:06","slug":"ejercicio-terapeutico-fisio-almeria","status":"publish","type":"post","link":"https:\/\/www.fisioterapiasanfelix.com\/en\/blog\/ejercicio-terapeutico-fisio-almeria\/","title":{"rendered":"Ejercicio terap\u00e9utico: qu\u00e9 es y para qu\u00e9 sirve en fisioterapia"},"content":{"rendered":"<p>Cuando una persona acude a fisioterapia suele pensar en masaje, movilizaciones o m\u00e1quinas. Estas herramientas pueden tener su lugar, pero recuperar la capacidad de moverse exige a menudo un trabajo activo. El ejercicio terap\u00e9utico es movimiento prescrito y dosificado con un objetivo de salud. Un <strong>fisio en Almer\u00eda<\/strong> puede adaptarlo para mejorar movilidad, fuerza, equilibrio, tolerancia a la carga y confianza.<\/p>\n<h2>\u00bfQu\u00e9 diferencia hay entre ejercicio terap\u00e9utico y entrenamiento?<\/h2>\n<p>Ambos utilizan movimiento y carga, pero el ejercicio terap\u00e9utico parte de una valoraci\u00f3n cl\u00ednica y se dise\u00f1a para una limitaci\u00f3n concreta. Puede buscar que una persona vuelva a subir escaleras, que un deportista recupere un cambio de direcci\u00f3n o que alguien con dolor persistente tolere actividades que hab\u00eda abandonado.<\/p>\n<p>No siempre parece \u201csuave\u201d. En una fase inicial puede consistir en movimientos sencillos; m\u00e1s adelante debe acercarse a las demandas reales. Si tu trabajo exige levantar peso, la rehabilitaci\u00f3n deber\u00eda prepararte progresivamente para levantar. Si quieres correr, necesitar\u00e1s tolerar impactos. La dosis cambia con el objetivo.<\/p>\n<h2>Para qu\u00e9 problemas puede utilizarse<\/h2>\n<ul>\n<li>Dolor lumbar, cervical o de hombro.<\/li>\n<li>Lesiones de tobillo, rodilla o cadera.<\/li>\n<li>Recuperaci\u00f3n despu\u00e9s de una inmovilizaci\u00f3n o cirug\u00eda, con indicaci\u00f3n sanitaria.<\/li>\n<li>Dolor persistente y p\u00e9rdida de confianza en el movimiento.<\/li>\n<li>Problemas de equilibrio o reducci\u00f3n de autonom\u00eda.<\/li>\n<li>Preparaci\u00f3n para volver al trabajo o al deporte.<\/li>\n<li>Prevenci\u00f3n de reca\u00eddas cuando persisten d\u00e9ficits de capacidad.<\/li>\n<\/ul>\n<p>La lista no significa que cualquier ejercicio sirva para cualquier diagn\u00f3stico. La selecci\u00f3n depende de los s\u00edntomas, el estado de los tejidos, las enfermedades asociadas, la medicaci\u00f3n, la experiencia y las preferencias.<\/p>\n<h2>C\u00f3mo se prescribe un ejercicio<\/h2>\n<p>El nombre del ejercicio es solo una parte. Tambi\u00e9n importan el rango, la carga, las repeticiones, las series, la velocidad, el descanso y la frecuencia semanal. Cambiar una de estas variables puede transformar por completo el est\u00edmulo.<\/p>\n<p>En la consulta de <strong>fisioterapia en Almer\u00eda<\/strong> se establece un punto de partida mediante pruebas relacionadas con tu objetivo. Despu\u00e9s se eligen pocas tareas, se ense\u00f1a su ejecuci\u00f3n y se define qu\u00e9 respuesta es aceptable. En las revisiones se comprueba si han producido adaptaci\u00f3n y se progresa o modifica.<\/p>\n<h2>\u00bfSe puede hacer ejercicio si hay dolor?<\/h2>\n<p>En algunos casos s\u00ed. Dolor y da\u00f1o no son equivalentes de forma exacta, especialmente cuando los s\u00edntomas llevan tiempo. Una molestia leve y estable durante un ejercicio puede ser compatible con el progreso, siempre que la respuesta sea tolerable y no deje un empeoramiento importante.<\/p>\n<p>En una lesi\u00f3n aguda o despu\u00e9s de una intervenci\u00f3n existen l\u00edmites espec\u00edficos. La decisi\u00f3n debe basarse en la valoraci\u00f3n. El objetivo no es aguantar por orgullo, sino encontrar una dosis capaz de estimular sin desbordar.<\/p>\n<h3>Una escala sencilla para ajustar<\/h3>\n<p>El profesional puede pedir que observes la intensidad durante la tarea, si cambia tu forma de moverte y c\u00f3mo te encuentras horas despu\u00e9s. Si el ejercicio genera una reacci\u00f3n claramente mayor de la prevista, se reduce peso, recorrido, velocidad o volumen. Si no supone ning\u00fan reto y no hay contraindicaciones, se progresa.<\/p>\n<h2>El ejercicio y el dolor persistente<\/h2>\n<p>Cuando el dolor dura meses, muchas personas reducen actividad. Esa respuesta es comprensible, pero puede producir p\u00e9rdida de fuerza, condici\u00f3n f\u00edsica y confianza. Volver directamente al nivel anterior suele resultar excesivo; no volver nunca mantiene la limitaci\u00f3n. El ejercicio terap\u00e9utico crea un puente entre ambas situaciones.<\/p>\n<p>Se comienza con una carga que la persona considera segura y que el cuerpo tolera. A medida que acumula experiencias satisfactorias, se ampl\u00edan movimientos y tareas. El progreso puede medirse por lo que vuelve a hacer, no solo por la puntuaci\u00f3n de dolor.<\/p>\n<h2>\u00bfPor qu\u00e9 la terapia manual no siempre es suficiente?<\/h2>\n<p>Un tratamiento manual puede aliviar, disminuir rigidez percibida o facilitar un movimiento. Sin embargo, sus efectos no sustituyen la adaptaci\u00f3n que produce entrenar fuerza, resistencia o coordinaci\u00f3n. Combinar un alivio inicial con participaci\u00f3n activa suele ofrecer un plan m\u00e1s completo.<\/p>\n<p>El papel del fisioterapeuta no es \u201carreglar\u201d a una persona pasiva, sino acompa\u00f1arla, ajustar el est\u00edmulo y aportar herramientas para que gane autonom\u00eda.<\/p>\n<h2>Errores frecuentes con los ejercicios de rehabilitaci\u00f3n<\/h2>\n<ol>\n<li><strong>Hacer demasiados.<\/strong> Un programa breve y constante suele funcionar mejor que quince tareas imposibles de sostener.<\/li>\n<li><strong>No progresar.<\/strong> Repetir meses la misma resistencia puede dejar de producir adaptaci\u00f3n.<\/li>\n<li><strong>Cambiar cada d\u00eda.<\/strong> La variedad excesiva impide comprobar qu\u00e9 respuesta genera una tarea.<\/li>\n<li><strong>Copiar una rutina gen\u00e9rica.<\/strong> Dos personas con el mismo diagn\u00f3stico pueden necesitar est\u00edmulos diferentes.<\/li>\n<li><strong>Abandonar al bajar el dolor.<\/strong> El alivio es una fase; recuperar capacidad ayuda a reducir reca\u00eddas.<\/li>\n<\/ol>\n<h2>C\u00f3mo integrar el programa en tu rutina<\/h2>\n<p>El mejor plan es el que puedes cumplir. Puede organizarse en sesiones cortas, asociarse a d\u00edas de entrenamiento o dividirse seg\u00fan la carga laboral. No todo debe hacerse diariamente. La frecuencia depende del tipo de ejercicio y de la recuperaci\u00f3n necesaria.<\/p>\n<p>Comenta con tu fisio qu\u00e9 material tienes, cu\u00e1nto tiempo real puedes dedicar y qu\u00e9 obst\u00e1culos aparecen. Un plan modesto y sostenible aporta m\u00e1s que uno perfecto sobre el papel.<\/p>\n<h2>Ejercicio terap\u00e9utico con un fisio en Almer\u00eda<\/h2>\n<p>En Fisioterapia San F\u00e9lix utilizamos el ejercicio como parte de un tratamiento individual, junto con otras t\u00e9cnicas cuando est\u00e1n indicadas. Valoramos el punto de partida, definimos objetivos y revisamos la respuesta para que el programa evolucione contigo.<\/p>\n<p><strong>Si quieres recuperar fuerza, movilidad o seguridad despu\u00e9s de una lesi\u00f3n, pide cita en nuestra cl\u00ednica de fisioterapia en Almer\u00eda.<\/strong> Te ense\u00f1aremos qu\u00e9 hacer, cu\u00e1nto y c\u00f3mo progresar.<\/p>\n<p style=\"text-align:center;margin:2.5em 0;\"><a href=\"tel:+34667912798\" style=\"display:inline-block;background:#5c2a72;color:#ffffff;font-weight:700;font-size:17px;line-height:1.2;text-decoration:none;padding:16px 34px;border-radius:50px;\"><svg xmlns=\"http:\/\/www.w3.org\/2000\/svg\" width=\"18\" height=\"18\" viewbox=\"0 0 24 24\" fill=\"currentColor\" style=\"vertical-align:-3px;margin-right:9px;\"><path d=\"M6.6 10.8c1.4 2.8 3.8 5.1 6.6 6.6l2.2-2.2c.3-.3.7-.4 1-.2 1.1.4 2.3.6 3.6.6.6 0 1 .4 1 1V20c0 .6-.4 1-1 1C10.6 21 3 13.4 3 4c0-.6.4-1 1-1h3.5c.6 0 1 .4 1 1 0 1.2.2 2.4.6 3.6.1.4 0 .7-.2 1l-2.3 2.2z\"\/><\/svg>Llamar al 667 91 27 98<\/a><\/p>\n<p><small>La informaci\u00f3n de este art\u00edculo es general. El ejercicio debe adaptarse si existe una lesi\u00f3n reciente, cirug\u00eda, enfermedad cardiovascular, neurol\u00f3gica u otra condici\u00f3n de salud. Consulta con profesionales sanitarios.<\/small><\/p>","protected":false},"excerpt":{"rendered":"<p>Cuando una persona acude a fisioterapia suele pensar en masaje, movilizaciones o m\u00e1quinas. Estas herramientas pueden tener su lugar, pero recuperar la capacidad de moverse exige a menudo un trabajo activo. El ejercicio terap\u00e9utico es movimiento prescrito y dosificado con un objetivo de salud. Un fisio en Almer\u00eda puede adaptarlo para mejorar movilidad, fuerza, equilibrio, [&hellip;]<\/p>\n","protected":false},"author":2,"featured_media":76534,"comment_status":"closed","ping_status":"closed","sticky":false,"template":"","format":"standard","meta":{"footnotes":""},"categories":[91],"tags":[],"class_list":["post-76529","post","type-post","status-publish","format-standard","has-post-thumbnail","hentry","category-el-blog-de-un-fisio-en-almeria"],"yoast_head":"<!-- This site is optimized with the Yoast SEO plugin v28.2 - https:\/\/yoast.com\/product\/yoast-seo-wordpress\/ -->\n<title>Ejercicio terap\u00e9utico: qu\u00e9 es y para qu\u00e9 sirve en fisioterapia - Fisioterapia San Felix<\/title>\n<meta name=\"description\" content=\"Descubre qu\u00e9 es el ejercicio terap\u00e9utico y c\u00f3mo un fisio en Almer\u00eda lo adapta para mejorar fuerza, movilidad, dolor y autonom\u00eda de forma progresiva.\" \/>\n<meta name=\"robots\" content=\"index, follow, max-snippet:-1, max-image-preview:large, max-video-preview:-1\" \/>\n<link rel=\"canonical\" href=\"https:\/\/www.fisioterapiasanfelix.com\/en\/blog\/ejercicio-terapeutico-fisio-almeria\/\" \/>\n<meta property=\"og:locale\" content=\"en_US\" \/>\n<meta property=\"og:type\" content=\"article\" \/>\n<meta property=\"og:title\" content=\"Ejercicio terap\u00e9utico: qu\u00e9 es y para qu\u00e9 sirve en fisioterapia - Fisioterapia San Felix\" \/>\n<meta property=\"og:description\" content=\"Descubre qu\u00e9 es el ejercicio terap\u00e9utico y c\u00f3mo un fisio en Almer\u00eda lo adapta para mejorar fuerza, movilidad, dolor y autonom\u00eda de forma progresiva.\" \/>\n<meta property=\"og:url\" content=\"https:\/\/www.fisioterapiasanfelix.com\/en\/blog\/ejercicio-terapeutico-fisio-almeria\/\" \/>\n<meta property=\"og:site_name\" content=\"Fisioterapia San Felix\" \/>\n<meta property=\"article:publisher\" content=\"https:\/\/www.facebook.com\/FisioterapiaSanFelix\/?locale=es_ES\" \/>\n<meta property=\"article:published_time\" content=\"2026-03-01T10:00:00+00:00\" \/>\n<meta property=\"article:modified_time\" content=\"2026-08-22T18:02:06+00:00\" \/>\n<meta property=\"og:image\" content=\"https:\/\/www.fisioterapiasanfelix.com\/wp-content\/uploads\/2026\/08\/ejercicio-terapeutico-fisio-almeria.webp\" \/>\n\t<meta property=\"og:image:width\" content=\"1536\" \/>\n\t<meta property=\"og:image:height\" content=\"1024\" \/>\n\t<meta property=\"og:image:type\" content=\"image\/webp\" \/>\n<meta name=\"author\" content=\"Juan Jos\u00e9 S\u00e1nchez\" \/>\n<meta name=\"twitter:card\" content=\"summary_large_image\" \/>\n<meta name=\"twitter:label1\" content=\"Written by\" \/>\n\t<meta name=\"twitter:data1\" content=\"Juan Jos\u00e9 S\u00e1nchez\" \/>\n\t<meta name=\"twitter:label2\" content=\"Est. reading time\" \/>\n\t<meta name=\"twitter:data2\" content=\"5 minutes\" \/>\n<script type=\"application\/ld+json\" class=\"yoast-schema-graph\">{\"@context\":\"https:\\\/\\\/schema.org\",\"@graph\":[{\"@type\":\"Article\",\"@id\":\"https:\\\/\\\/www.fisioterapiasanfelix.com\\\/blog\\\/ejercicio-terapeutico-fisio-almeria\\\/#article\",\"isPartOf\":{\"@id\":\"https:\\\/\\\/www.fisioterapiasanfelix.com\\\/blog\\\/ejercicio-terapeutico-fisio-almeria\\\/\"},\"author\":{\"name\":\"Juan Jos\u00e9 S\u00e1nchez\",\"@id\":\"https:\\\/\\\/www.fisioterapiasanfelix.com\\\/#\\\/schema\\\/person\\\/f2522d94b6ac6b52b2b291c209d6deb1\"},\"headline\":\"Ejercicio terap\u00e9utico: qu\u00e9 es y para qu\u00e9 sirve en fisioterapia\",\"datePublished\":\"2026-03-01T10:00:00+00:00\",\"dateModified\":\"2026-08-22T18:02:06+00:00\",\"mainEntityOfPage\":{\"@id\":\"https:\\\/\\\/www.fisioterapiasanfelix.com\\\/blog\\\/ejercicio-terapeutico-fisio-almeria\\\/\"},\"wordCount\":1024,\"publisher\":{\"@id\":\"https:\\\/\\\/www.fisioterapiasanfelix.com\\\/#organization\"},\"image\":{\"@id\":\"https:\\\/\\\/www.fisioterapiasanfelix.com\\\/blog\\\/ejercicio-terapeutico-fisio-almeria\\\/#primaryimage\"},\"thumbnailUrl\":\"https:\\\/\\\/www.fisioterapiasanfelix.com\\\/wp-content\\\/uploads\\\/2026\\\/08\\\/ejercicio-terapeutico-fisio-almeria.webp\",\"articleSection\":[\"El blog de un fisio en Almer\u00eda\"],\"inLanguage\":\"en-US\"},{\"@type\":\"WebPage\",\"@id\":\"https:\\\/\\\/www.fisioterapiasanfelix.com\\\/blog\\\/ejercicio-terapeutico-fisio-almeria\\\/\",\"url\":\"https:\\\/\\\/www.fisioterapiasanfelix.com\\\/blog\\\/ejercicio-terapeutico-fisio-almeria\\\/\",\"name\":\"Ejercicio terap\u00e9utico: qu\u00e9 es y para qu\u00e9 sirve en fisioterapia - Fisioterapia San Felix\",\"isPartOf\":{\"@id\":\"https:\\\/\\\/www.fisioterapiasanfelix.com\\\/#website\"},\"primaryImageOfPage\":{\"@id\":\"https:\\\/\\\/www.fisioterapiasanfelix.com\\\/blog\\\/ejercicio-terapeutico-fisio-almeria\\\/#primaryimage\"},\"image\":{\"@id\":\"https:\\\/\\\/www.fisioterapiasanfelix.com\\\/blog\\\/ejercicio-terapeutico-fisio-almeria\\\/#primaryimage\"},\"thumbnailUrl\":\"https:\\\/\\\/www.fisioterapiasanfelix.com\\\/wp-content\\\/uploads\\\/2026\\\/08\\\/ejercicio-terapeutico-fisio-almeria.webp\",\"datePublished\":\"2026-03-01T10:00:00+00:00\",\"dateModified\":\"2026-08-22T18:02:06+00:00\",\"description\":\"Descubre qu\u00e9 es el ejercicio terap\u00e9utico y c\u00f3mo un fisio en Almer\u00eda lo adapta para mejorar fuerza, movilidad, dolor y autonom\u00eda de forma progresiva.\",\"breadcrumb\":{\"@id\":\"https:\\\/\\\/www.fisioterapiasanfelix.com\\\/blog\\\/ejercicio-terapeutico-fisio-almeria\\\/#breadcrumb\"},\"inLanguage\":\"en-US\",\"potentialAction\":[{\"@type\":\"ReadAction\",\"target\":[\"https:\\\/\\\/www.fisioterapiasanfelix.com\\\/blog\\\/ejercicio-terapeutico-fisio-almeria\\\/\"]}]},{\"@type\":\"ImageObject\",\"inLanguage\":\"en-US\",\"@id\":\"https:\\\/\\\/www.fisioterapiasanfelix.com\\\/blog\\\/ejercicio-terapeutico-fisio-almeria\\\/#primaryimage\",\"url\":\"https:\\\/\\\/www.fisioterapiasanfelix.com\\\/wp-content\\\/uploads\\\/2026\\\/08\\\/ejercicio-terapeutico-fisio-almeria.webp\",\"contentUrl\":\"https:\\\/\\\/www.fisioterapiasanfelix.com\\\/wp-content\\\/uploads\\\/2026\\\/08\\\/ejercicio-terapeutico-fisio-almeria.webp\",\"width\":1536,\"height\":1024,\"caption\":\"Fisio en Almer\u00eda guiando un ejercicio terap\u00e9utico con banda el\u00e1stica\"},{\"@type\":\"BreadcrumbList\",\"@id\":\"https:\\\/\\\/www.fisioterapiasanfelix.com\\\/blog\\\/ejercicio-terapeutico-fisio-almeria\\\/#breadcrumb\",\"itemListElement\":[{\"@type\":\"ListItem\",\"position\":1,\"name\":\"Portada\",\"item\":\"https:\\\/\\\/www.fisioterapiasanfelix.com\\\/\"},{\"@type\":\"ListItem\",\"position\":2,\"name\":\"Ejercicio terap\u00e9utico: qu\u00e9 es y para qu\u00e9 sirve en fisioterapia\"}]},{\"@type\":\"WebSite\",\"@id\":\"https:\\\/\\\/www.fisioterapiasanfelix.com\\\/#website\",\"url\":\"https:\\\/\\\/www.fisioterapiasanfelix.com\\\/\",\"name\":\"Fisioterapia San Felix\",\"description\":\"Cl\u00ednica en Almer\u00eda especializada en fisioterapia, osteopat\u00eda, suelo p\u00e9lvico, ejercicio terap\u00e9utico, nutrici\u00f3n y psicolog\u00eda. Cuidamos de tu salud. \u00a1Pide cita!\",\"publisher\":{\"@id\":\"https:\\\/\\\/www.fisioterapiasanfelix.com\\\/#organization\"},\"alternateName\":\"Clinica de Fisioterapia y nutrici\u00f3n San Felix\",\"potentialAction\":[{\"@type\":\"SearchAction\",\"target\":{\"@type\":\"EntryPoint\",\"urlTemplate\":\"https:\\\/\\\/www.fisioterapiasanfelix.com\\\/?s={search_term_string}\"},\"query-input\":{\"@type\":\"PropertyValueSpecification\",\"valueRequired\":true,\"valueName\":\"search_term_string\"}}],\"inLanguage\":\"en-US\"},{\"@type\":\"Organization\",\"@id\":\"https:\\\/\\\/www.fisioterapiasanfelix.com\\\/#organization\",\"name\":\"Fisioterapia San Felix\",\"alternateName\":\"Cl\u00ednica de fisioterapia y nutrici\u00f3n San Felix\",\"url\":\"https:\\\/\\\/www.fisioterapiasanfelix.com\\\/\",\"logo\":{\"@type\":\"ImageObject\",\"inLanguage\":\"en-US\",\"@id\":\"https:\\\/\\\/www.fisioterapiasanfelix.com\\\/#\\\/schema\\\/logo\\\/image\\\/\",\"url\":\"https:\\\/\\\/www.fisioterapiasanfelix.com\\\/wp-content\\\/uploads\\\/2025\\\/05\\\/favicon-fisioterapia-san-felix.png\",\"contentUrl\":\"https:\\\/\\\/www.fisioterapiasanfelix.com\\\/wp-content\\\/uploads\\\/2025\\\/05\\\/favicon-fisioterapia-san-felix.png\",\"width\":512,\"height\":512,\"caption\":\"Fisioterapia San Felix\"},\"image\":{\"@id\":\"https:\\\/\\\/www.fisioterapiasanfelix.com\\\/#\\\/schema\\\/logo\\\/image\\\/\"},\"sameAs\":[\"https:\\\/\\\/www.facebook.com\\\/FisioterapiaSanFelix\\\/?locale=es_ES\",\"https:\\\/\\\/www.instagram.com\\\/fisioterapiasanfelix\"]},{\"@type\":\"Person\",\"@id\":\"https:\\\/\\\/www.fisioterapiasanfelix.com\\\/#\\\/schema\\\/person\\\/f2522d94b6ac6b52b2b291c209d6deb1\",\"name\":\"Juan Jos\u00e9 S\u00e1nchez\",\"image\":{\"@type\":\"ImageObject\",\"inLanguage\":\"en-US\",\"@id\":\"https:\\\/\\\/secure.gravatar.com\\\/avatar\\\/fb9c95abae24ab8c62471b95eb552caf00f9f34c24385109a14654be63ad7c3d?s=96&d=mm&r=g\",\"url\":\"https:\\\/\\\/secure.gravatar.com\\\/avatar\\\/fb9c95abae24ab8c62471b95eb552caf00f9f34c24385109a14654be63ad7c3d?s=96&d=mm&r=g\",\"contentUrl\":\"https:\\\/\\\/secure.gravatar.com\\\/avatar\\\/fb9c95abae24ab8c62471b95eb552caf00f9f34c24385109a14654be63ad7c3d?s=96&d=mm&r=g\",\"caption\":\"Juan Jos\u00e9 S\u00e1nchez\"},\"url\":\"https:\\\/\\\/www.fisioterapiasanfelix.com\\\/en\\\/blog\\\/author\\\/jj_admin\\\/\"}]}<\/script>\n<!-- \/ Yoast SEO plugin. -->","yoast_head_json":{"title":"Ejercicio terap\u00e9utico: qu\u00e9 es y para qu\u00e9 sirve en fisioterapia - Fisioterapia San Felix","description":"Descubre qu\u00e9 es el ejercicio terap\u00e9utico y c\u00f3mo un fisio en Almer\u00eda lo adapta para mejorar fuerza, movilidad, dolor y autonom\u00eda de forma progresiva.","robots":{"index":"index","follow":"follow","max-snippet":"max-snippet:-1","max-image-preview":"max-image-preview:large","max-video-preview":"max-video-preview:-1"},"canonical":"https:\/\/www.fisioterapiasanfelix.com\/en\/blog\/ejercicio-terapeutico-fisio-almeria\/","og_locale":"en_US","og_type":"article","og_title":"Ejercicio terap\u00e9utico: qu\u00e9 es y para qu\u00e9 sirve en fisioterapia - Fisioterapia San Felix","og_description":"Descubre qu\u00e9 es el ejercicio terap\u00e9utico y c\u00f3mo un fisio en Almer\u00eda lo adapta para mejorar fuerza, movilidad, dolor y autonom\u00eda de forma progresiva.","og_url":"https:\/\/www.fisioterapiasanfelix.com\/en\/blog\/ejercicio-terapeutico-fisio-almeria\/","og_site_name":"Fisioterapia San Felix","article_publisher":"https:\/\/www.facebook.com\/FisioterapiaSanFelix\/?locale=es_ES","article_published_time":"2026-03-01T10:00:00+00:00","article_modified_time":"2026-08-22T18:02:06+00:00","og_image":[{"width":1536,"height":1024,"url":"https:\/\/www.fisioterapiasanfelix.com\/wp-content\/uploads\/2026\/08\/ejercicio-terapeutico-fisio-almeria.webp","type":"image\/webp"}],"author":"Juan Jos\u00e9 S\u00e1nchez","twitter_card":"summary_large_image","twitter_misc":{"Written by":"Juan Jos\u00e9 S\u00e1nchez","Est. reading time":"5 minutes"},"schema":{"@context":"https:\/\/schema.org","@graph":[{"@type":"Article","@id":"https:\/\/www.fisioterapiasanfelix.com\/blog\/ejercicio-terapeutico-fisio-almeria\/#article","isPartOf":{"@id":"https:\/\/www.fisioterapiasanfelix.com\/blog\/ejercicio-terapeutico-fisio-almeria\/"},"author":{"name":"Juan Jos\u00e9 S\u00e1nchez","@id":"https:\/\/www.fisioterapiasanfelix.com\/#\/schema\/person\/f2522d94b6ac6b52b2b291c209d6deb1"},"headline":"Ejercicio terap\u00e9utico: qu\u00e9 es y para qu\u00e9 sirve en fisioterapia","datePublished":"2026-03-01T10:00:00+00:00","dateModified":"2026-08-22T18:02:06+00:00","mainEntityOfPage":{"@id":"https:\/\/www.fisioterapiasanfelix.com\/blog\/ejercicio-terapeutico-fisio-almeria\/"},"wordCount":1024,"publisher":{"@id":"https:\/\/www.fisioterapiasanfelix.com\/#organization"},"image":{"@id":"https:\/\/www.fisioterapiasanfelix.com\/blog\/ejercicio-terapeutico-fisio-almeria\/#primaryimage"},"thumbnailUrl":"https:\/\/www.fisioterapiasanfelix.com\/wp-content\/uploads\/2026\/08\/ejercicio-terapeutico-fisio-almeria.webp","articleSection":["El blog de un fisio en Almer\u00eda"],"inLanguage":"en-US"},{"@type":"WebPage","@id":"https:\/\/www.fisioterapiasanfelix.com\/blog\/ejercicio-terapeutico-fisio-almeria\/","url":"https:\/\/www.fisioterapiasanfelix.com\/blog\/ejercicio-terapeutico-fisio-almeria\/","name":"Ejercicio terap\u00e9utico: qu\u00e9 es y para qu\u00e9 sirve en fisioterapia - Fisioterapia San Felix","isPartOf":{"@id":"https:\/\/www.fisioterapiasanfelix.com\/#website"},"primaryImageOfPage":{"@id":"https:\/\/www.fisioterapiasanfelix.com\/blog\/ejercicio-terapeutico-fisio-almeria\/#primaryimage"},"image":{"@id":"https:\/\/www.fisioterapiasanfelix.com\/blog\/ejercicio-terapeutico-fisio-almeria\/#primaryimage"},"thumbnailUrl":"https:\/\/www.fisioterapiasanfelix.com\/wp-content\/uploads\/2026\/08\/ejercicio-terapeutico-fisio-almeria.webp","datePublished":"2026-03-01T10:00:00+00:00","dateModified":"2026-08-22T18:02:06+00:00","description":"Descubre qu\u00e9 es el ejercicio terap\u00e9utico y c\u00f3mo un fisio en Almer\u00eda lo adapta para mejorar fuerza, movilidad, dolor y autonom\u00eda de forma progresiva.","breadcrumb":{"@id":"https:\/\/www.fisioterapiasanfelix.com\/blog\/ejercicio-terapeutico-fisio-almeria\/#breadcrumb"},"inLanguage":"en-US","potentialAction":[{"@type":"ReadAction","target":["https:\/\/www.fisioterapiasanfelix.com\/blog\/ejercicio-terapeutico-fisio-almeria\/"]}]},{"@type":"ImageObject","inLanguage":"en-US","@id":"https:\/\/www.fisioterapiasanfelix.com\/blog\/ejercicio-terapeutico-fisio-almeria\/#primaryimage","url":"https:\/\/www.fisioterapiasanfelix.com\/wp-content\/uploads\/2026\/08\/ejercicio-terapeutico-fisio-almeria.webp","contentUrl":"https:\/\/www.fisioterapiasanfelix.com\/wp-content\/uploads\/2026\/08\/ejercicio-terapeutico-fisio-almeria.webp","width":1536,"height":1024,"caption":"Fisio en Almer\u00eda guiando un ejercicio terap\u00e9utico con banda el\u00e1stica"},{"@type":"BreadcrumbList","@id":"https:\/\/www.fisioterapiasanfelix.com\/blog\/ejercicio-terapeutico-fisio-almeria\/#breadcrumb","itemListElement":[{"@type":"ListItem","position":1,"name":"Portada","item":"https:\/\/www.fisioterapiasanfelix.com\/"},{"@type":"ListItem","position":2,"name":"Ejercicio terap\u00e9utico: qu\u00e9 es y para qu\u00e9 sirve en fisioterapia"}]},{"@type":"WebSite","@id":"https:\/\/www.fisioterapiasanfelix.com\/#website","url":"https:\/\/www.fisioterapiasanfelix.com\/","name":"Fisioterapia San Felix","description":"Cl\u00ednica en Almer\u00eda especializada en fisioterapia, osteopat\u00eda, suelo p\u00e9lvico, ejercicio terap\u00e9utico, nutrici\u00f3n y psicolog\u00eda. Cuidamos de tu salud. \u00a1Pide cita!","publisher":{"@id":"https:\/\/www.fisioterapiasanfelix.com\/#organization"},"alternateName":"Clinica de Fisioterapia y nutrici\u00f3n San Felix","potentialAction":[{"@type":"SearchAction","target":{"@type":"EntryPoint","urlTemplate":"https:\/\/www.fisioterapiasanfelix.com\/?s={search_term_string}"},"query-input":{"@type":"PropertyValueSpecification","valueRequired":true,"valueName":"search_term_string"}}],"inLanguage":"en-US"},{"@type":"Organization","@id":"https:\/\/www.fisioterapiasanfelix.com\/#organization","name":"Fisioterapia San Felix","alternateName":"Cl\u00ednica de fisioterapia y nutrici\u00f3n San Felix","url":"https:\/\/www.fisioterapiasanfelix.com\/","logo":{"@type":"ImageObject","inLanguage":"en-US","@id":"https:\/\/www.fisioterapiasanfelix.com\/#\/schema\/logo\/image\/","url":"https:\/\/www.fisioterapiasanfelix.com\/wp-content\/uploads\/2025\/05\/favicon-fisioterapia-san-felix.png","contentUrl":"https:\/\/www.fisioterapiasanfelix.com\/wp-content\/uploads\/2025\/05\/favicon-fisioterapia-san-felix.png","width":512,"height":512,"caption":"Fisioterapia San Felix"},"image":{"@id":"https:\/\/www.fisioterapiasanfelix.com\/#\/schema\/logo\/image\/"},"sameAs":["https:\/\/www.facebook.com\/FisioterapiaSanFelix\/?locale=es_ES","https:\/\/www.instagram.com\/fisioterapiasanfelix"]},{"@type":"Person","@id":"https:\/\/www.fisioterapiasanfelix.com\/#\/schema\/person\/f2522d94b6ac6b52b2b291c209d6deb1","name":"Juan Jos\u00e9 S\u00e1nchez","image":{"@type":"ImageObject","inLanguage":"en-US","@id":"https:\/\/secure.gravatar.com\/avatar\/fb9c95abae24ab8c62471b95eb552caf00f9f34c24385109a14654be63ad7c3d?s=96&d=mm&r=g","url":"https:\/\/secure.gravatar.com\/avatar\/fb9c95abae24ab8c62471b95eb552caf00f9f34c24385109a14654be63ad7c3d?s=96&d=mm&r=g","contentUrl":"https:\/\/secure.gravatar.com\/avatar\/fb9c95abae24ab8c62471b95eb552caf00f9f34c24385109a14654be63ad7c3d?s=96&d=mm&r=g","caption":"Juan Jos\u00e9 S\u00e1nchez"},"url":"https:\/\/www.fisioterapiasanfelix.com\/en\/blog\/author\/jj_admin\/"}]}},"_links":{"self":[{"href":"https:\/\/www.fisioterapiasanfelix.com\/en\/wp-json\/wp\/v2\/posts\/76529","targetHints":{"allow":["GET"]}}],"collection":[{"href":"https:\/\/www.fisioterapiasanfelix.com\/en\/wp-json\/wp\/v2\/posts"}],"about":[{"href":"https:\/\/www.fisioterapiasanfelix.com\/en\/wp-json\/wp\/v2\/types\/post"}],"author":[{"embeddable":true,"href":"https:\/\/www.fisioterapiasanfelix.com\/en\/wp-json\/wp\/v2\/users\/2"}],"replies":[{"embeddable":true,"href":"https:\/\/www.fisioterapiasanfelix.com\/en\/wp-json\/wp\/v2\/comments?post=76529"}],"version-history":[{"count":2,"href":"https:\/\/www.fisioterapiasanfelix.com\/en\/wp-json\/wp\/v2\/posts\/76529\/revisions"}],"predecessor-version":[{"id":76567,"href":"https:\/\/www.fisioterapiasanfelix.com\/en\/wp-json\/wp\/v2\/posts\/76529\/revisions\/76567"}],"wp:featuredmedia":[{"embeddable":true,"href":"https:\/\/www.fisioterapiasanfelix.com\/en\/wp-json\/wp\/v2\/media\/76534"}],"wp:attachment":[{"href":"https:\/\/www.fisioterapiasanfelix.com\/en\/wp-json\/wp\/v2\/media?parent=76529"}],"wp:term":[{"taxonomy":"category","embeddable":true,"href":"https:\/\/www.fisioterapiasanfelix.com\/en\/wp-json\/wp\/v2\/categories?post=76529"},{"taxonomy":"post_tag","embeddable":true,"href":"https:\/\/www.fisioterapiasanfelix.com\/en\/wp-json\/wp\/v2\/tags?post=76529"}],"curies":[{"name":"wp","href":"https:\/\/api.w.org\/{rel}","templated":true}]}}