{"id":76530,"date":"2026-04-01T10:00:00","date_gmt":"2026-04-01T10:00:00","guid":{"rendered":"https:\/\/www.fisioterapiasanfelix.com\/?p=76530"},"modified":"2026-08-22T18:02:09","modified_gmt":"2026-08-22T18:02:09","slug":"cefalea-cervicogenica-fisioterapia-almeria","status":"publish","type":"post","link":"https:\/\/www.fisioterapiasanfelix.com\/en\/blog\/cefalea-cervicogenica-fisioterapia-almeria\/","title":{"rendered":"Cefalea cervicog\u00e9nica y fisioterapia en Almer\u00eda"},"content":{"rendered":"<p>No todos los dolores de cabeza son iguales. Algunas cefaleas se relacionan con estructuras y movimientos de la zona cervical y se denominan cervicog\u00e9nicas. Pueden confundirse con migra\u00f1a o cefalea tensional, por lo que no conviene autodiagnosticarse. Una valoraci\u00f3n sanitaria y de <strong>fisioterapia en Almer\u00eda<\/strong> puede ayudar a identificar patrones, descartar se\u00f1ales preocupantes y decidir si el tratamiento cervical est\u00e1 indicado.<\/p>\n<h2>\u00bfQu\u00e9 es una cefalea cervicog\u00e9nica?<\/h2>\n<p>Es un dolor de cabeza atribuido a una fuente cervical. Suele asociarse a una limitaci\u00f3n o provocaci\u00f3n con movimientos del cuello, aunque la presentaci\u00f3n var\u00eda. El dolor puede comenzar en la nuca y proyectarse hacia un lado de la cabeza, la sien o la zona ocular.<\/p>\n<p>Que una persona tenga tensi\u00f3n cervical y dolor de cabeza no confirma autom\u00e1ticamente este diagn\u00f3stico. La migra\u00f1a tambi\u00e9n puede acompa\u00f1arse de molestias en el cuello. Por eso es importante analizar el conjunto: duraci\u00f3n, localizaci\u00f3n, s\u00edntomas asociados, desencadenantes, antecedentes y exploraci\u00f3n.<\/p>\n<h2>Caracter\u00edsticas que pueden orientar<\/h2>\n<ul>\n<li>Dolor relacionado con ciertas posturas o movimientos cervicales.<\/li>\n<li>Reducci\u00f3n del giro o de otros movimientos del cuello.<\/li>\n<li>S\u00edntomas que comienzan en la zona occipital y avanzan hacia la cabeza.<\/li>\n<li>Dolor habitualmente predominante en un lado, aunque puede variar.<\/li>\n<li>Reproducci\u00f3n de la molestia al explorar determinadas zonas cervicales.<\/li>\n<li>Historia de carga mantenida, traumatismo o episodios cervicales.<\/li>\n<\/ul>\n<p>Estos signos no sustituyen un diagn\u00f3stico. El profesional debe diferenciar otros tipos de cefalea y decidir si es necesaria una valoraci\u00f3n m\u00e9dica.<\/p>\n<h2>Se\u00f1ales de alarma en un dolor de cabeza<\/h2>\n<p>Busca atenci\u00f3n urgente ante un dolor s\u00fabito y extremadamente intenso, s\u00edntomas neurol\u00f3gicos como debilidad, dificultad para hablar, confusi\u00f3n, p\u00e9rdida de visi\u00f3n o desmayo, fiebre con rigidez marcada, dolor tras un traumatismo importante o un patr\u00f3n nuevo que empeora r\u00e1pidamente. Tambi\u00e9n conviene consultar si el dolor aparece por primera vez en circunstancias poco habituales o se acompa\u00f1a de un deterioro general.<\/p>\n<p>Si tienes dudas sobre un cambio en tus cefaleas, la opci\u00f3n segura es una valoraci\u00f3n m\u00e9dica. La fisioterapia no debe retrasar el estudio de s\u00edntomas potencialmente graves.<\/p>\n<h2>Qu\u00e9 se valora en fisioterapia<\/h2>\n<p>La entrevista recoge frecuencia, duraci\u00f3n, intensidad, zona, s\u00edntomas como n\u00e1useas o sensibilidad a la luz, medicaci\u00f3n, sue\u00f1o y relaci\u00f3n con el cuello. Puede ser \u00fatil llevar un registro de varios d\u00edas con hora de inicio, actividad previa y duraci\u00f3n.<\/p>\n<p>Despu\u00e9s se exploran movilidad cervical y tor\u00e1cica, fuerza y resistencia de la musculatura, control escapular y respuesta a movimientos o pruebas espec\u00edficas. El objetivo es comprobar si existe una relaci\u00f3n reproducible y modificable entre la funci\u00f3n cervical y el dolor.<\/p>\n<h2>Tratamiento de la cefalea cervicog\u00e9nica<\/h2>\n<p>Cuando la valoraci\u00f3n indica participaci\u00f3n cervical, el tratamiento puede combinar terapia manual y ejercicio. Las t\u00e9cnicas manuales pueden utilizarse para modular s\u00edntomas y facilitar movilidad. El programa activo puede trabajar control cervical, resistencia, movilidad tor\u00e1cica y fuerza de hombros.<\/p>\n<p>Tambi\u00e9n se revisan h\u00e1bitos de carga. Pasar horas sin variar de posici\u00f3n, encadenar jornadas intensas, dormir poco o aumentar el estr\u00e9s puede influir en la sensibilidad. Esto no significa que el dolor sea \u201csolo estr\u00e9s\u201d, sino que la recuperaci\u00f3n considera a la persona completa.<\/p>\n<h3>\u00bfHay que corregir la postura?<\/h3>\n<p>M\u00e1s que imponer una posici\u00f3n r\u00edgida, se busca aumentar las opciones. Ajustar el puesto puede ayudar si obliga a mantener el cuello girado o los brazos sin apoyo, pero conviene a\u00f1adir pausas y movimiento. La mejor postura suele ser la siguiente: cambiar antes de que una posici\u00f3n se vuelva intolerable.<\/p>\n<h3>\u00bfLos estiramientos son suficientes?<\/h3>\n<p>Pueden proporcionar alivio a algunas personas, aunque no siempre resuelven el problema. Si la dificultad principal es la resistencia para sostener la cabeza y los hombros durante una jornada, tambi\u00e9n ser\u00e1 necesario entrenarla. Un <strong>fisio en Almer\u00eda<\/strong> puede elegir ejercicios seg\u00fan la exploraci\u00f3n, en vez de aplicar la misma tabla a todas las cefaleas.<\/p>\n<h2>Registro de s\u00edntomas: una herramienta pr\u00e1ctica<\/h2>\n<p>Anotar los episodios ayuda a descubrir patrones y comunicar mejor la evoluci\u00f3n. Puedes registrar:<\/p>\n<ul>\n<li>Hora de inicio y duraci\u00f3n.<\/li>\n<li>Zona e intensidad aproximada.<\/li>\n<li>S\u00edntomas acompa\u00f1antes.<\/li>\n<li>Horas de sue\u00f1o y nivel de actividad.<\/li>\n<li>Uso de medicaci\u00f3n seg\u00fan indicaci\u00f3n m\u00e9dica.<\/li>\n<li>Relaci\u00f3n con movimientos o posturas cervicales.<\/li>\n<\/ul>\n<p>No uses el registro para vigilarte de forma obsesiva, sino para obtener informaci\u00f3n durante un periodo limitado.<\/p>\n<h2>\u00bfCu\u00e1ndo se esperan cambios?<\/h2>\n<p>La evoluci\u00f3n depende de la frecuencia de las cefaleas, el tiempo de s\u00edntomas, los factores asociados y la respuesta al tratamiento. Puede medirse mediante menos episodios, menor duraci\u00f3n, menor intensidad o una mejor tolerancia a las actividades. Si no hay una tendencia favorable, se reeval\u00faa la hip\u00f3tesis y se considera la derivaci\u00f3n.<\/p>\n<h2>Fisioterapia en Almer\u00eda para cuello y cefalea<\/h2>\n<p>En Fisioterapia San F\u00e9lix valoramos la relaci\u00f3n entre el cuello, el movimiento y tus s\u00edntomas. Si el cuadro es compatible con un abordaje fisioter\u00e1pico, dise\u00f1amos un plan de tratamiento y ejercicio. Si detectamos signos que necesitan otro estudio, te recomendaremos la consulta adecuada.<\/p>\n<p><strong>\u00bfTu dolor de cabeza se acompa\u00f1a de rigidez o molestias cervicales?<\/strong> Solicita una valoraci\u00f3n en nuestra cl\u00ednica de fisioterapia en Almer\u00eda y trae informaci\u00f3n sobre la frecuencia y el comportamiento de los episodios.<\/p>\n<p style=\"text-align:center;margin:2.5em 0;\"><a href=\"tel:+34667912798\" style=\"display:inline-block;background:#5c2a72;color:#ffffff;font-weight:700;font-size:17px;line-height:1.2;text-decoration:none;padding:16px 34px;border-radius:50px;\"><svg xmlns=\"http:\/\/www.w3.org\/2000\/svg\" width=\"18\" height=\"18\" viewbox=\"0 0 24 24\" fill=\"currentColor\" style=\"vertical-align:-3px;margin-right:9px;\"><path d=\"M6.6 10.8c1.4 2.8 3.8 5.1 6.6 6.6l2.2-2.2c.3-.3.7-.4 1-.2 1.1.4 2.3.6 3.6.6.6 0 1 .4 1 1V20c0 .6-.4 1-1 1C10.6 21 3 13.4 3 4c0-.6.4-1 1-1h3.5c.6 0 1 .4 1 1 0 1.2.2 2.4.6 3.6.1.4 0 .7-.2 1l-2.3 2.2z\"\/><\/svg>Llamar al 667 91 27 98<\/a><\/p>\n<p><small>Este art\u00edculo no permite diagnosticar un tipo de cefalea. Ante dolor s\u00fabito e intenso, s\u00edntomas neurol\u00f3gicos, fiebre, traumatismo o un cambio preocupante del patr\u00f3n, busca atenci\u00f3n m\u00e9dica urgente.<\/small><\/p>","protected":false},"excerpt":{"rendered":"<p>No todos los dolores de cabeza son iguales. Algunas cefaleas se relacionan con estructuras y movimientos de la zona cervical y se denominan cervicog\u00e9nicas. Pueden confundirse con migra\u00f1a o cefalea tensional, por lo que no conviene autodiagnosticarse. Una valoraci\u00f3n sanitaria y de fisioterapia en Almer\u00eda puede ayudar a identificar patrones, descartar se\u00f1ales preocupantes y decidir [&hellip;]<\/p>\n","protected":false},"author":2,"featured_media":76539,"comment_status":"closed","ping_status":"closed","sticky":false,"template":"","format":"standard","meta":{"footnotes":""},"categories":[91],"tags":[],"class_list":["post-76530","post","type-post","status-publish","format-standard","has-post-thumbnail","hentry","category-el-blog-de-un-fisio-en-almeria"],"yoast_head":"<!-- This site is optimized with the Yoast SEO plugin v28.2 - https:\/\/yoast.com\/product\/yoast-seo-wordpress\/ -->\n<title>Cefalea cervicog\u00e9nica y fisioterapia en Almer\u00eda - Fisioterapia San Felix<\/title>\n<meta name=\"description\" content=\"\u00bfEl dolor de cabeza parece comenzar en el cuello? Conoce la cefalea cervicog\u00e9nica, sus se\u00f1ales y c\u00f3mo puede ayudar la fisioterapia en Almer\u00eda.\" \/>\n<meta name=\"robots\" content=\"index, follow, max-snippet:-1, max-image-preview:large, max-video-preview:-1\" \/>\n<link rel=\"canonical\" href=\"https:\/\/www.fisioterapiasanfelix.com\/en\/blog\/cefalea-cervicogenica-fisioterapia-almeria\/\" \/>\n<meta property=\"og:locale\" content=\"en_US\" \/>\n<meta property=\"og:type\" content=\"article\" \/>\n<meta property=\"og:title\" content=\"Cefalea cervicog\u00e9nica y fisioterapia en Almer\u00eda - Fisioterapia San Felix\" \/>\n<meta property=\"og:description\" content=\"\u00bfEl dolor de cabeza parece comenzar en el cuello? Conoce la cefalea cervicog\u00e9nica, sus se\u00f1ales y c\u00f3mo puede ayudar la fisioterapia en Almer\u00eda.\" \/>\n<meta property=\"og:url\" content=\"https:\/\/www.fisioterapiasanfelix.com\/en\/blog\/cefalea-cervicogenica-fisioterapia-almeria\/\" \/>\n<meta property=\"og:site_name\" content=\"Fisioterapia San Felix\" \/>\n<meta property=\"article:publisher\" content=\"https:\/\/www.facebook.com\/FisioterapiaSanFelix\/?locale=es_ES\" \/>\n<meta property=\"article:published_time\" content=\"2026-04-01T10:00:00+00:00\" \/>\n<meta property=\"article:modified_time\" content=\"2026-08-22T18:02:09+00:00\" \/>\n<meta property=\"og:image\" content=\"https:\/\/www.fisioterapiasanfelix.com\/wp-content\/uploads\/2026\/08\/fisioterapia-almeria-cefalea-cervicogenica.webp\" \/>\n\t<meta property=\"og:image:width\" content=\"1536\" \/>\n\t<meta property=\"og:image:height\" content=\"1024\" \/>\n\t<meta property=\"og:image:type\" content=\"image\/webp\" \/>\n<meta name=\"author\" content=\"Juan Jos\u00e9 S\u00e1nchez\" \/>\n<meta name=\"twitter:card\" content=\"summary_large_image\" \/>\n<meta name=\"twitter:label1\" content=\"Written by\" \/>\n\t<meta name=\"twitter:data1\" content=\"Juan Jos\u00e9 S\u00e1nchez\" \/>\n\t<meta name=\"twitter:label2\" content=\"Est. reading time\" \/>\n\t<meta name=\"twitter:data2\" content=\"5 minutes\" \/>\n<script type=\"application\/ld+json\" class=\"yoast-schema-graph\">{\"@context\":\"https:\\\/\\\/schema.org\",\"@graph\":[{\"@type\":\"Article\",\"@id\":\"https:\\\/\\\/www.fisioterapiasanfelix.com\\\/blog\\\/cefalea-cervicogenica-fisioterapia-almeria\\\/#article\",\"isPartOf\":{\"@id\":\"https:\\\/\\\/www.fisioterapiasanfelix.com\\\/blog\\\/cefalea-cervicogenica-fisioterapia-almeria\\\/\"},\"author\":{\"name\":\"Juan Jos\u00e9 S\u00e1nchez\",\"@id\":\"https:\\\/\\\/www.fisioterapiasanfelix.com\\\/#\\\/schema\\\/person\\\/f2522d94b6ac6b52b2b291c209d6deb1\"},\"headline\":\"Cefalea cervicog\u00e9nica y fisioterapia en Almer\u00eda\",\"datePublished\":\"2026-04-01T10:00:00+00:00\",\"dateModified\":\"2026-08-22T18:02:09+00:00\",\"mainEntityOfPage\":{\"@id\":\"https:\\\/\\\/www.fisioterapiasanfelix.com\\\/blog\\\/cefalea-cervicogenica-fisioterapia-almeria\\\/\"},\"wordCount\":972,\"publisher\":{\"@id\":\"https:\\\/\\\/www.fisioterapiasanfelix.com\\\/#organization\"},\"image\":{\"@id\":\"https:\\\/\\\/www.fisioterapiasanfelix.com\\\/blog\\\/cefalea-cervicogenica-fisioterapia-almeria\\\/#primaryimage\"},\"thumbnailUrl\":\"https:\\\/\\\/www.fisioterapiasanfelix.com\\\/wp-content\\\/uploads\\\/2026\\\/08\\\/fisioterapia-almeria-cefalea-cervicogenica.webp\",\"articleSection\":[\"El blog de un fisio en Almer\u00eda\"],\"inLanguage\":\"en-US\"},{\"@type\":\"WebPage\",\"@id\":\"https:\\\/\\\/www.fisioterapiasanfelix.com\\\/blog\\\/cefalea-cervicogenica-fisioterapia-almeria\\\/\",\"url\":\"https:\\\/\\\/www.fisioterapiasanfelix.com\\\/blog\\\/cefalea-cervicogenica-fisioterapia-almeria\\\/\",\"name\":\"Cefalea cervicog\u00e9nica y fisioterapia en Almer\u00eda - Fisioterapia San Felix\",\"isPartOf\":{\"@id\":\"https:\\\/\\\/www.fisioterapiasanfelix.com\\\/#website\"},\"primaryImageOfPage\":{\"@id\":\"https:\\\/\\\/www.fisioterapiasanfelix.com\\\/blog\\\/cefalea-cervicogenica-fisioterapia-almeria\\\/#primaryimage\"},\"image\":{\"@id\":\"https:\\\/\\\/www.fisioterapiasanfelix.com\\\/blog\\\/cefalea-cervicogenica-fisioterapia-almeria\\\/#primaryimage\"},\"thumbnailUrl\":\"https:\\\/\\\/www.fisioterapiasanfelix.com\\\/wp-content\\\/uploads\\\/2026\\\/08\\\/fisioterapia-almeria-cefalea-cervicogenica.webp\",\"datePublished\":\"2026-04-01T10:00:00+00:00\",\"dateModified\":\"2026-08-22T18:02:09+00:00\",\"description\":\"\u00bfEl dolor de cabeza parece comenzar en el cuello? Conoce la cefalea cervicog\u00e9nica, sus se\u00f1ales y c\u00f3mo puede ayudar la fisioterapia en Almer\u00eda.\",\"breadcrumb\":{\"@id\":\"https:\\\/\\\/www.fisioterapiasanfelix.com\\\/blog\\\/cefalea-cervicogenica-fisioterapia-almeria\\\/#breadcrumb\"},\"inLanguage\":\"en-US\",\"potentialAction\":[{\"@type\":\"ReadAction\",\"target\":[\"https:\\\/\\\/www.fisioterapiasanfelix.com\\\/blog\\\/cefalea-cervicogenica-fisioterapia-almeria\\\/\"]}]},{\"@type\":\"ImageObject\",\"inLanguage\":\"en-US\",\"@id\":\"https:\\\/\\\/www.fisioterapiasanfelix.com\\\/blog\\\/cefalea-cervicogenica-fisioterapia-almeria\\\/#primaryimage\",\"url\":\"https:\\\/\\\/www.fisioterapiasanfelix.com\\\/wp-content\\\/uploads\\\/2026\\\/08\\\/fisioterapia-almeria-cefalea-cervicogenica.webp\",\"contentUrl\":\"https:\\\/\\\/www.fisioterapiasanfelix.com\\\/wp-content\\\/uploads\\\/2026\\\/08\\\/fisioterapia-almeria-cefalea-cervicogenica.webp\",\"width\":1536,\"height\":1024,\"caption\":\"Fisioterapeuta en Almer\u00eda valorando el cuello de una paciente con dolor de cabeza\"},{\"@type\":\"BreadcrumbList\",\"@id\":\"https:\\\/\\\/www.fisioterapiasanfelix.com\\\/blog\\\/cefalea-cervicogenica-fisioterapia-almeria\\\/#breadcrumb\",\"itemListElement\":[{\"@type\":\"ListItem\",\"position\":1,\"name\":\"Portada\",\"item\":\"https:\\\/\\\/www.fisioterapiasanfelix.com\\\/\"},{\"@type\":\"ListItem\",\"position\":2,\"name\":\"Cefalea cervicog\u00e9nica y fisioterapia en Almer\u00eda\"}]},{\"@type\":\"WebSite\",\"@id\":\"https:\\\/\\\/www.fisioterapiasanfelix.com\\\/#website\",\"url\":\"https:\\\/\\\/www.fisioterapiasanfelix.com\\\/\",\"name\":\"Fisioterapia San Felix\",\"description\":\"Cl\u00ednica en Almer\u00eda especializada en fisioterapia, osteopat\u00eda, suelo p\u00e9lvico, ejercicio terap\u00e9utico, nutrici\u00f3n y psicolog\u00eda. Cuidamos de tu salud. \u00a1Pide cita!\",\"publisher\":{\"@id\":\"https:\\\/\\\/www.fisioterapiasanfelix.com\\\/#organization\"},\"alternateName\":\"Clinica de Fisioterapia y nutrici\u00f3n San Felix\",\"potentialAction\":[{\"@type\":\"SearchAction\",\"target\":{\"@type\":\"EntryPoint\",\"urlTemplate\":\"https:\\\/\\\/www.fisioterapiasanfelix.com\\\/?s={search_term_string}\"},\"query-input\":{\"@type\":\"PropertyValueSpecification\",\"valueRequired\":true,\"valueName\":\"search_term_string\"}}],\"inLanguage\":\"en-US\"},{\"@type\":\"Organization\",\"@id\":\"https:\\\/\\\/www.fisioterapiasanfelix.com\\\/#organization\",\"name\":\"Fisioterapia San Felix\",\"alternateName\":\"Cl\u00ednica de fisioterapia y nutrici\u00f3n San Felix\",\"url\":\"https:\\\/\\\/www.fisioterapiasanfelix.com\\\/\",\"logo\":{\"@type\":\"ImageObject\",\"inLanguage\":\"en-US\",\"@id\":\"https:\\\/\\\/www.fisioterapiasanfelix.com\\\/#\\\/schema\\\/logo\\\/image\\\/\",\"url\":\"https:\\\/\\\/www.fisioterapiasanfelix.com\\\/wp-content\\\/uploads\\\/2025\\\/05\\\/favicon-fisioterapia-san-felix.png\",\"contentUrl\":\"https:\\\/\\\/www.fisioterapiasanfelix.com\\\/wp-content\\\/uploads\\\/2025\\\/05\\\/favicon-fisioterapia-san-felix.png\",\"width\":512,\"height\":512,\"caption\":\"Fisioterapia San Felix\"},\"image\":{\"@id\":\"https:\\\/\\\/www.fisioterapiasanfelix.com\\\/#\\\/schema\\\/logo\\\/image\\\/\"},\"sameAs\":[\"https:\\\/\\\/www.facebook.com\\\/FisioterapiaSanFelix\\\/?locale=es_ES\",\"https:\\\/\\\/www.instagram.com\\\/fisioterapiasanfelix\"]},{\"@type\":\"Person\",\"@id\":\"https:\\\/\\\/www.fisioterapiasanfelix.com\\\/#\\\/schema\\\/person\\\/f2522d94b6ac6b52b2b291c209d6deb1\",\"name\":\"Juan Jos\u00e9 S\u00e1nchez\",\"image\":{\"@type\":\"ImageObject\",\"inLanguage\":\"en-US\",\"@id\":\"https:\\\/\\\/secure.gravatar.com\\\/avatar\\\/fb9c95abae24ab8c62471b95eb552caf00f9f34c24385109a14654be63ad7c3d?s=96&d=mm&r=g\",\"url\":\"https:\\\/\\\/secure.gravatar.com\\\/avatar\\\/fb9c95abae24ab8c62471b95eb552caf00f9f34c24385109a14654be63ad7c3d?s=96&d=mm&r=g\",\"contentUrl\":\"https:\\\/\\\/secure.gravatar.com\\\/avatar\\\/fb9c95abae24ab8c62471b95eb552caf00f9f34c24385109a14654be63ad7c3d?s=96&d=mm&r=g\",\"caption\":\"Juan Jos\u00e9 S\u00e1nchez\"},\"url\":\"https:\\\/\\\/www.fisioterapiasanfelix.com\\\/en\\\/blog\\\/author\\\/jj_admin\\\/\"}]}<\/script>\n<!-- \/ Yoast SEO plugin. -->","yoast_head_json":{"title":"Cefalea cervicog\u00e9nica y fisioterapia en Almer\u00eda - Fisioterapia San Felix","description":"\u00bfEl dolor de cabeza parece comenzar en el cuello? Conoce la cefalea cervicog\u00e9nica, sus se\u00f1ales y c\u00f3mo puede ayudar la fisioterapia en Almer\u00eda.","robots":{"index":"index","follow":"follow","max-snippet":"max-snippet:-1","max-image-preview":"max-image-preview:large","max-video-preview":"max-video-preview:-1"},"canonical":"https:\/\/www.fisioterapiasanfelix.com\/en\/blog\/cefalea-cervicogenica-fisioterapia-almeria\/","og_locale":"en_US","og_type":"article","og_title":"Cefalea cervicog\u00e9nica y fisioterapia en Almer\u00eda - Fisioterapia San Felix","og_description":"\u00bfEl dolor de cabeza parece comenzar en el cuello? Conoce la cefalea cervicog\u00e9nica, sus se\u00f1ales y c\u00f3mo puede ayudar la fisioterapia en Almer\u00eda.","og_url":"https:\/\/www.fisioterapiasanfelix.com\/en\/blog\/cefalea-cervicogenica-fisioterapia-almeria\/","og_site_name":"Fisioterapia San Felix","article_publisher":"https:\/\/www.facebook.com\/FisioterapiaSanFelix\/?locale=es_ES","article_published_time":"2026-04-01T10:00:00+00:00","article_modified_time":"2026-08-22T18:02:09+00:00","og_image":[{"width":1536,"height":1024,"url":"https:\/\/www.fisioterapiasanfelix.com\/wp-content\/uploads\/2026\/08\/fisioterapia-almeria-cefalea-cervicogenica.webp","type":"image\/webp"}],"author":"Juan Jos\u00e9 S\u00e1nchez","twitter_card":"summary_large_image","twitter_misc":{"Written by":"Juan Jos\u00e9 S\u00e1nchez","Est. reading time":"5 minutes"},"schema":{"@context":"https:\/\/schema.org","@graph":[{"@type":"Article","@id":"https:\/\/www.fisioterapiasanfelix.com\/blog\/cefalea-cervicogenica-fisioterapia-almeria\/#article","isPartOf":{"@id":"https:\/\/www.fisioterapiasanfelix.com\/blog\/cefalea-cervicogenica-fisioterapia-almeria\/"},"author":{"name":"Juan Jos\u00e9 S\u00e1nchez","@id":"https:\/\/www.fisioterapiasanfelix.com\/#\/schema\/person\/f2522d94b6ac6b52b2b291c209d6deb1"},"headline":"Cefalea cervicog\u00e9nica y fisioterapia en Almer\u00eda","datePublished":"2026-04-01T10:00:00+00:00","dateModified":"2026-08-22T18:02:09+00:00","mainEntityOfPage":{"@id":"https:\/\/www.fisioterapiasanfelix.com\/blog\/cefalea-cervicogenica-fisioterapia-almeria\/"},"wordCount":972,"publisher":{"@id":"https:\/\/www.fisioterapiasanfelix.com\/#organization"},"image":{"@id":"https:\/\/www.fisioterapiasanfelix.com\/blog\/cefalea-cervicogenica-fisioterapia-almeria\/#primaryimage"},"thumbnailUrl":"https:\/\/www.fisioterapiasanfelix.com\/wp-content\/uploads\/2026\/08\/fisioterapia-almeria-cefalea-cervicogenica.webp","articleSection":["El blog de un fisio en Almer\u00eda"],"inLanguage":"en-US"},{"@type":"WebPage","@id":"https:\/\/www.fisioterapiasanfelix.com\/blog\/cefalea-cervicogenica-fisioterapia-almeria\/","url":"https:\/\/www.fisioterapiasanfelix.com\/blog\/cefalea-cervicogenica-fisioterapia-almeria\/","name":"Cefalea cervicog\u00e9nica y fisioterapia en Almer\u00eda - Fisioterapia San Felix","isPartOf":{"@id":"https:\/\/www.fisioterapiasanfelix.com\/#website"},"primaryImageOfPage":{"@id":"https:\/\/www.fisioterapiasanfelix.com\/blog\/cefalea-cervicogenica-fisioterapia-almeria\/#primaryimage"},"image":{"@id":"https:\/\/www.fisioterapiasanfelix.com\/blog\/cefalea-cervicogenica-fisioterapia-almeria\/#primaryimage"},"thumbnailUrl":"https:\/\/www.fisioterapiasanfelix.com\/wp-content\/uploads\/2026\/08\/fisioterapia-almeria-cefalea-cervicogenica.webp","datePublished":"2026-04-01T10:00:00+00:00","dateModified":"2026-08-22T18:02:09+00:00","description":"\u00bfEl dolor de cabeza parece comenzar en el cuello? Conoce la cefalea cervicog\u00e9nica, sus se\u00f1ales y c\u00f3mo puede ayudar la fisioterapia en Almer\u00eda.","breadcrumb":{"@id":"https:\/\/www.fisioterapiasanfelix.com\/blog\/cefalea-cervicogenica-fisioterapia-almeria\/#breadcrumb"},"inLanguage":"en-US","potentialAction":[{"@type":"ReadAction","target":["https:\/\/www.fisioterapiasanfelix.com\/blog\/cefalea-cervicogenica-fisioterapia-almeria\/"]}]},{"@type":"ImageObject","inLanguage":"en-US","@id":"https:\/\/www.fisioterapiasanfelix.com\/blog\/cefalea-cervicogenica-fisioterapia-almeria\/#primaryimage","url":"https:\/\/www.fisioterapiasanfelix.com\/wp-content\/uploads\/2026\/08\/fisioterapia-almeria-cefalea-cervicogenica.webp","contentUrl":"https:\/\/www.fisioterapiasanfelix.com\/wp-content\/uploads\/2026\/08\/fisioterapia-almeria-cefalea-cervicogenica.webp","width":1536,"height":1024,"caption":"Fisioterapeuta en Almer\u00eda valorando el cuello de una paciente con dolor de cabeza"},{"@type":"BreadcrumbList","@id":"https:\/\/www.fisioterapiasanfelix.com\/blog\/cefalea-cervicogenica-fisioterapia-almeria\/#breadcrumb","itemListElement":[{"@type":"ListItem","position":1,"name":"Portada","item":"https:\/\/www.fisioterapiasanfelix.com\/"},{"@type":"ListItem","position":2,"name":"Cefalea cervicog\u00e9nica y fisioterapia en Almer\u00eda"}]},{"@type":"WebSite","@id":"https:\/\/www.fisioterapiasanfelix.com\/#website","url":"https:\/\/www.fisioterapiasanfelix.com\/","name":"Fisioterapia San Felix","description":"Cl\u00ednica en Almer\u00eda especializada en fisioterapia, osteopat\u00eda, suelo p\u00e9lvico, ejercicio terap\u00e9utico, nutrici\u00f3n y psicolog\u00eda. Cuidamos de tu salud. \u00a1Pide cita!","publisher":{"@id":"https:\/\/www.fisioterapiasanfelix.com\/#organization"},"alternateName":"Clinica de Fisioterapia y nutrici\u00f3n San Felix","potentialAction":[{"@type":"SearchAction","target":{"@type":"EntryPoint","urlTemplate":"https:\/\/www.fisioterapiasanfelix.com\/?s={search_term_string}"},"query-input":{"@type":"PropertyValueSpecification","valueRequired":true,"valueName":"search_term_string"}}],"inLanguage":"en-US"},{"@type":"Organization","@id":"https:\/\/www.fisioterapiasanfelix.com\/#organization","name":"Fisioterapia San Felix","alternateName":"Cl\u00ednica de fisioterapia y nutrici\u00f3n San Felix","url":"https:\/\/www.fisioterapiasanfelix.com\/","logo":{"@type":"ImageObject","inLanguage":"en-US","@id":"https:\/\/www.fisioterapiasanfelix.com\/#\/schema\/logo\/image\/","url":"https:\/\/www.fisioterapiasanfelix.com\/wp-content\/uploads\/2025\/05\/favicon-fisioterapia-san-felix.png","contentUrl":"https:\/\/www.fisioterapiasanfelix.com\/wp-content\/uploads\/2025\/05\/favicon-fisioterapia-san-felix.png","width":512,"height":512,"caption":"Fisioterapia San Felix"},"image":{"@id":"https:\/\/www.fisioterapiasanfelix.com\/#\/schema\/logo\/image\/"},"sameAs":["https:\/\/www.facebook.com\/FisioterapiaSanFelix\/?locale=es_ES","https:\/\/www.instagram.com\/fisioterapiasanfelix"]},{"@type":"Person","@id":"https:\/\/www.fisioterapiasanfelix.com\/#\/schema\/person\/f2522d94b6ac6b52b2b291c209d6deb1","name":"Juan Jos\u00e9 S\u00e1nchez","image":{"@type":"ImageObject","inLanguage":"en-US","@id":"https:\/\/secure.gravatar.com\/avatar\/fb9c95abae24ab8c62471b95eb552caf00f9f34c24385109a14654be63ad7c3d?s=96&d=mm&r=g","url":"https:\/\/secure.gravatar.com\/avatar\/fb9c95abae24ab8c62471b95eb552caf00f9f34c24385109a14654be63ad7c3d?s=96&d=mm&r=g","contentUrl":"https:\/\/secure.gravatar.com\/avatar\/fb9c95abae24ab8c62471b95eb552caf00f9f34c24385109a14654be63ad7c3d?s=96&d=mm&r=g","caption":"Juan Jos\u00e9 S\u00e1nchez"},"url":"https:\/\/www.fisioterapiasanfelix.com\/en\/blog\/author\/jj_admin\/"}]}},"_links":{"self":[{"href":"https:\/\/www.fisioterapiasanfelix.com\/en\/wp-json\/wp\/v2\/posts\/76530","targetHints":{"allow":["GET"]}}],"collection":[{"href":"https:\/\/www.fisioterapiasanfelix.com\/en\/wp-json\/wp\/v2\/posts"}],"about":[{"href":"https:\/\/www.fisioterapiasanfelix.com\/en\/wp-json\/wp\/v2\/types\/post"}],"author":[{"embeddable":true,"href":"https:\/\/www.fisioterapiasanfelix.com\/en\/wp-json\/wp\/v2\/users\/2"}],"replies":[{"embeddable":true,"href":"https:\/\/www.fisioterapiasanfelix.com\/en\/wp-json\/wp\/v2\/comments?post=76530"}],"version-history":[{"count":2,"href":"https:\/\/www.fisioterapiasanfelix.com\/en\/wp-json\/wp\/v2\/posts\/76530\/revisions"}],"predecessor-version":[{"id":76568,"href":"https:\/\/www.fisioterapiasanfelix.com\/en\/wp-json\/wp\/v2\/posts\/76530\/revisions\/76568"}],"wp:featuredmedia":[{"embeddable":true,"href":"https:\/\/www.fisioterapiasanfelix.com\/en\/wp-json\/wp\/v2\/media\/76539"}],"wp:attachment":[{"href":"https:\/\/www.fisioterapiasanfelix.com\/en\/wp-json\/wp\/v2\/media?parent=76530"}],"wp:term":[{"taxonomy":"category","embeddable":true,"href":"https:\/\/www.fisioterapiasanfelix.com\/en\/wp-json\/wp\/v2\/categories?post=76530"},{"taxonomy":"post_tag","embeddable":true,"href":"https:\/\/www.fisioterapiasanfelix.com\/en\/wp-json\/wp\/v2\/tags?post=76530"}],"curies":[{"name":"wp","href":"https:\/\/api.w.org\/{rel}","templated":true}]}}