{"id":783,"date":"2026-01-22T16:47:30","date_gmt":"2026-01-22T16:47:30","guid":{"rendered":"http:\/\/www.fisioterapiasanfelix.com\/?p=783"},"modified":"2026-08-22T16:48:33","modified_gmt":"2026-08-22T16:48:33","slug":"ciatica","status":"publish","type":"post","link":"https:\/\/www.fisioterapiasanfelix.com\/en\/blog\/ciatica\/","title":{"rendered":"Ci\u00e1tica"},"content":{"rendered":"<p class=\"western\" align=\"justify\"><span style=\"font-size: large;\">La ci\u00e1tica<\/span><span style=\"font-size: large;\"> es un <\/span><span style=\"font-size: large;\"><b>conjunto de s\u00edntomas producidos por irritaci\u00f3n del nervio ci\u00e1tico.<\/b><\/span><\/p>\n<p class=\"western\" align=\"justify\"><span style=\"font-size: large;\">Nervio ci\u00e1tico: <\/span><span style=\"font-size: large;\"><b>es el nervio m\u00e1s largo y voluminoso del organismo<\/b><\/span><span style=\"font-size: large;\">. Sale de las v\u00e9rtebras L4, L5, S1 y S2 (L= lumbar, S= sacro); esos \u201ccables\u201d se juntan para formar una \u201ctrenza\u201d, y at<\/span><span style=\"font-size: large;\">ravesar varios agujeros o pasadizos, que llega hasta unos 4 dedos encima de la corva (hueco popl\u00edteo), donde los cables se separan y recorren su trayecto de forma independiente.<\/span><a href=\"https:\/\/sanfelix.artkvisual.com\/wp-content\/uploads\/2015\/11\/163020_175167552504974_140361012652295_482606_3479239_n.jpg\"><img fetchpriority=\"high\" decoding=\"async\" class=\"aligncenter wp-image-788\" src=\"https:\/\/sanfelix.artkvisual.com\/wp-content\/uploads\/2015\/11\/163020_175167552504974_140361012652295_482606_3479239_n.jpg\" alt=\"163020_175167552504974_140361012652295_482606_3479239_n\" width=\"200\" height=\"273\" srcset=\"https:\/\/www.fisioterapiasanfelix.com\/wp-content\/uploads\/2015\/11\/163020_175167552504974_140361012652295_482606_3479239_n.jpg 307w, https:\/\/www.fisioterapiasanfelix.com\/wp-content\/uploads\/2015\/11\/163020_175167552504974_140361012652295_482606_3479239_n-220x300.jpg 220w, https:\/\/www.fisioterapiasanfelix.com\/wp-content\/uploads\/2015\/11\/163020_175167552504974_140361012652295_482606_3479239_n-9x12.jpg 9w, https:\/\/www.fisioterapiasanfelix.com\/wp-content\/uploads\/2015\/11\/163020_175167552504974_140361012652295_482606_3479239_n-200x273.jpg 200w, https:\/\/www.fisioterapiasanfelix.com\/wp-content\/uploads\/2015\/11\/163020_175167552504974_140361012652295_482606_3479239_n-300x409.jpg 300w\" sizes=\"(max-width: 200px) 100vw, 200px\" \/><\/a><\/p>\n<p class=\"western\" align=\"justify\">\u00a0 <span style=\"font-size: large;\">Podemos encontrar <\/span><span style=\"font-size: large;\"><b>varias causas<\/b><\/span><span style=\"font-size: large;\"> que produzcan esta patolog\u00eda: <\/span><\/p>\n<p class=\"western\" align=\"center\"><span style=\"font-size: large;\"><span style=\"text-decoration: underline;\"><b>Centrales<\/b><\/span><\/span><\/p>\n<p class=\"western\" align=\"justify\"><span style=\"font-size: large;\"><b>-Estenosis del canal<\/b><\/span><span style=\"font-size: large;\">: disminuci\u00f3n del espacio \/ estrechamiento del canal por donde discurre la m\u00e9dula espinal. Puede producirse por un tumor, o una hernia discal (el trozo roto se introduce en el espacio medular), o por desplazamiento de una v\u00e9rtebr<\/span><span style=\"font-size: large;\">a (espondilolistesis y espondilolisis)<span style=\"font-size: small;\"><span style=\"text-decoration: underline;\"><a href=\"https:\/\/sanfelix.artkvisual.com\/wp-content\/uploads\/2015\/11\/65v207n09-13109841fig011.jpg\"><img decoding=\"async\" class=\"aligncenter wp-image-794\" src=\"https:\/\/sanfelix.artkvisual.com\/wp-content\/uploads\/2015\/11\/65v207n09-13109841fig011.jpg\" alt=\"65v207n09-13109841fig01\" width=\"200\" height=\"143\" srcset=\"https:\/\/www.fisioterapiasanfelix.com\/wp-content\/uploads\/2015\/11\/65v207n09-13109841fig011.jpg 1215w, https:\/\/www.fisioterapiasanfelix.com\/wp-content\/uploads\/2015\/11\/65v207n09-13109841fig011-300x215.jpg 300w, https:\/\/www.fisioterapiasanfelix.com\/wp-content\/uploads\/2015\/11\/65v207n09-13109841fig011-1024x733.jpg 1024w, https:\/\/www.fisioterapiasanfelix.com\/wp-content\/uploads\/2015\/11\/65v207n09-13109841fig011-768x550.jpg 768w, https:\/\/www.fisioterapiasanfelix.com\/wp-content\/uploads\/2015\/11\/65v207n09-13109841fig011-18x12.jpg 18w, https:\/\/www.fisioterapiasanfelix.com\/wp-content\/uploads\/2015\/11\/65v207n09-13109841fig011-200x143.jpg 200w, https:\/\/www.fisioterapiasanfelix.com\/wp-content\/uploads\/2015\/11\/65v207n09-13109841fig011-600x430.jpg 600w\" sizes=\"(max-width: 200px) 100vw, 200px\" \/><\/a><\/span><\/span><\/span><\/p>\n<p class=\"western\" align=\"justify\"><span style=\"font-size: large;\"><b>-Hernia discal<\/b><\/span><span style=\"font-size: large;\">: afectaci\u00f3n del disco intervertebral (rotura, abombamiento\u2026) que produce un contacto sobre la ra\u00edz nerviosa a nivel <\/span><span style=\"font-size: large;\">del agujero de conjunci\u00f3n (agujero formado entre 2 v\u00e9rtebras para que salga el nervio)<a href=\"https:\/\/sanfelix.artkvisual.com\/wp-content\/uploads\/2015\/11\/21.jpg\"><img decoding=\"async\" class=\"aligncenter wp-image-793\" src=\"https:\/\/sanfelix.artkvisual.com\/wp-content\/uploads\/2015\/11\/21.jpg\" alt=\"2\" width=\"200\" height=\"211\" srcset=\"https:\/\/www.fisioterapiasanfelix.com\/wp-content\/uploads\/2015\/11\/21.jpg 383w, https:\/\/www.fisioterapiasanfelix.com\/wp-content\/uploads\/2015\/11\/21-284x300.jpg 284w, https:\/\/www.fisioterapiasanfelix.com\/wp-content\/uploads\/2015\/11\/21-11x12.jpg 11w, https:\/\/www.fisioterapiasanfelix.com\/wp-content\/uploads\/2015\/11\/21-200x211.jpg 200w, https:\/\/www.fisioterapiasanfelix.com\/wp-content\/uploads\/2015\/11\/21-300x316.jpg 300w\" sizes=\"(max-width: 200px) 100vw, 200px\" \/><\/a><\/span><\/p>\n<p class=\"western\" align=\"justify\"><span style=\"font-size: small;\">\u00a0<\/span><\/p>\n<p class=\"western\" align=\"justify\"><span style=\"font-size: large;\"><b>-Espondilolistesis:<\/b><\/span><span style=\"font-size: large;\"> Deslizamiento de una v\u00e9rtebra sobre otra<a href=\"https:\/\/sanfelix.artkvisual.com\/wp-content\/uploads\/2015\/11\/rehabilitacion-espondilolistesis-madrid-chamartin.gif\"><img loading=\"lazy\" decoding=\"async\" class=\"aligncenter wp-image-792\" src=\"https:\/\/sanfelix.artkvisual.com\/wp-content\/uploads\/2015\/11\/rehabilitacion-espondilolistesis-madrid-chamartin.gif\" alt=\"rehabilitacion espondilolistesis madrid chamartin\" width=\"200\" height=\"215\" \/><\/a><\/span><\/p>\n<p class=\"western\" align=\"justify\"><span style=\"font-size: small;\">\u00a0<\/span><\/p>\n<p class=\"western\" align=\"justify\"><span style=\"font-size: large;\"><b>-Espondilolisis<\/b><\/span><span style=\"font-size: large;\">: Fractura vertebral, donde un trozo se desliza (por ejemplo, un trozo de L5 se desliza sobre S1) sobre la v\u00e9rtebra siguiente, afectando a la m\u00e9dula o a los nervios<\/span><\/p>\n<p class=\"western\" align=\"justify\"><span style=\"font-size: small;\"><a href=\"https:\/\/sanfelix.artkvisual.com\/wp-content\/uploads\/2015\/11\/Espondilolisis2.jpg\"><img loading=\"lazy\" decoding=\"async\" class=\"aligncenter wp-image-797\" src=\"https:\/\/sanfelix.artkvisual.com\/wp-content\/uploads\/2015\/11\/Espondilolisis2.jpg\" alt=\"Espondilolisis2\" width=\"200\" height=\"273\" srcset=\"https:\/\/www.fisioterapiasanfelix.com\/wp-content\/uploads\/2015\/11\/Espondilolisis2.jpg 207w, https:\/\/www.fisioterapiasanfelix.com\/wp-content\/uploads\/2015\/11\/Espondilolisis2-9x12.jpg 9w, https:\/\/www.fisioterapiasanfelix.com\/wp-content\/uploads\/2015\/11\/Espondilolisis2-200x273.jpg 200w\" sizes=\"(max-width: 200px) 100vw, 200px\" \/><\/a><\/span><\/p>\n<p class=\"western\" align=\"center\"><span style=\"font-size: large;\"><span style=\"text-decoration: underline;\"><b>Perif\u00e9ricos<\/b><\/span><\/span><\/p>\n<p class=\"western\" align=\"justify\"><span style=\"font-size: large;\"><b>-S\u00edndrome Piramidal:<\/b><\/span><span style=\"font-size: large;\"> es el conjunto de s\u00edntomas producidos por la compresi\u00f3n del nervio ci\u00e1tico a su paso por el m\u00fasculo Piramidal <a href=\"https:\/\/sanfelix.artkvisual.com\/wp-content\/uploads\/2015\/11\/musculo-piramidal1.jpg\"><img loading=\"lazy\" decoding=\"async\" class=\"aligncenter wp-image-798\" src=\"https:\/\/sanfelix.artkvisual.com\/wp-content\/uploads\/2015\/11\/musculo-piramidal1.jpg\" alt=\"musculo-piramidal\" width=\"200\" height=\"235\" srcset=\"https:\/\/www.fisioterapiasanfelix.com\/wp-content\/uploads\/2015\/11\/musculo-piramidal1.jpg 199w, https:\/\/www.fisioterapiasanfelix.com\/wp-content\/uploads\/2015\/11\/musculo-piramidal1-10x12.jpg 10w\" sizes=\"(max-width: 200px) 100vw, 200px\" \/><\/a><\/span><\/p>\n<p class=\"western\" align=\"justify\"><span style=\"font-size: small;\">\u00a0<\/span><\/p>\n<p class=\"western\" align=\"justify\"><span style=\"font-size: large;\"><b>-Cabeza del peron\u00e9:<\/b><\/span><span style=\"font-size: large;\"> una alteraci\u00f3n en el extremo superior del peron\u00e9 (por un deslizamiento tras fractura de este hueso por ejemplo) puede alterar el paso del nervio, en este caso del ci\u00e1tico popl\u00edteo externo o nervio peron\u00e9o<a href=\"https:\/\/sanfelix.artkvisual.com\/wp-content\/uploads\/2015\/11\/92111.jpg\"><img loading=\"lazy\" decoding=\"async\" class=\"aligncenter wp-image-795 size-full\" src=\"https:\/\/sanfelix.artkvisual.com\/wp-content\/uploads\/2015\/11\/92111.jpg\" alt=\"9211\" width=\"320\" height=\"245\" srcset=\"https:\/\/www.fisioterapiasanfelix.com\/wp-content\/uploads\/2015\/11\/92111.jpg 320w, https:\/\/www.fisioterapiasanfelix.com\/wp-content\/uploads\/2015\/11\/92111-300x230.jpg 300w, https:\/\/www.fisioterapiasanfelix.com\/wp-content\/uploads\/2015\/11\/92111-16x12.jpg 16w, https:\/\/www.fisioterapiasanfelix.com\/wp-content\/uploads\/2015\/11\/92111-200x153.jpg 200w\" sizes=\"(max-width: 320px) 100vw, 320px\" \/><\/a><\/span><\/p>\n<p class=\"western\" align=\"justify\"><span style=\"font-size: large;\"><b>-Fascitis plantar:<\/b><\/span><span style=\"font-size: large;\"> Dolor en planta del pi\u00e9 debido a irritaci\u00f3n de la fascia del pi\u00e9. En ocasiones puede deberse a una irritaci\u00f3n del nervio ci\u00e1tico popl\u00edteo interno o nervio tibial posterior<\/span><\/p>\n<p class=\"western\" align=\"justify\"><span style=\"font-size: large;\"><b>-Neuroma de Morton<\/b><\/span><span style=\"font-size: large;\">: Engrosamiento del nervio interdigital entre el 3-4 dedo, por compresi\u00f3n cr\u00f3nica, generalmente.<\/span><\/p>\n<p class=\"western\" align=\"justify\"><a href=\"https:\/\/sanfelix.artkvisual.com\/wp-content\/uploads\/2015\/11\/neuroma-de-morton1.jpg\"><img loading=\"lazy\" decoding=\"async\" class=\"aligncenter size-full wp-image-799\" src=\"https:\/\/sanfelix.artkvisual.com\/wp-content\/uploads\/2015\/11\/neuroma-de-morton1.jpg\" alt=\"neuroma de morton\" width=\"268\" height=\"351\" srcset=\"https:\/\/www.fisioterapiasanfelix.com\/wp-content\/uploads\/2015\/11\/neuroma-de-morton1.jpg 268w, https:\/\/www.fisioterapiasanfelix.com\/wp-content\/uploads\/2015\/11\/neuroma-de-morton1-229x300.jpg 229w, https:\/\/www.fisioterapiasanfelix.com\/wp-content\/uploads\/2015\/11\/neuroma-de-morton1-9x12.jpg 9w, https:\/\/www.fisioterapiasanfelix.com\/wp-content\/uploads\/2015\/11\/neuroma-de-morton1-200x262.jpg 200w\" sizes=\"(max-width: 268px) 100vw, 268px\" \/><\/a><\/p>\n<p class=\"western\" align=\"justify\"><span style=\"font-size: small;\">\u00a0<\/span><\/p>\n<p class=\"western\" align=\"justify\"><span style=\"font-size: large;\"><b>El principal problema<\/b><\/span><span style=\"font-size: large;\"> que nos encontramos cuando tratamos a pacientes con esta patolog\u00eda, <\/span><span style=\"font-size: large;\"><b>es<\/b><\/span> <span style=\"font-size: large;\"><b>d\u00f3nde y por qu\u00e9 ha ocurrido esa compresi\u00f3n del nervio ci\u00e1tico<\/b><\/span><span style=\"font-size: large;\">, porque (como hab\u00e9is visto hay varias zonas conflictivas, donde nuestro nervio puede verse afectado y produce ese dolor caracter\u00edstico y tan invalidante) <\/span><span style=\"font-size: large;\"><b>no siempre se produce en la columna<\/b><\/span><span style=\"font-size: large;\"> (o al menos no \u00fanicamente). Existen varios <\/span><span style=\"font-size: large;\"><b>test y pruebas para detectar el problema<\/b><\/span><span style=\"font-size: large;\">, y en <a href=\"http:\/\/www.fisioterapiasanfelix.com\/en\/\">Fisioterapia San F\u00e9lix<\/a> os haremos un examen preciso y meticuloso para averiguar vuestro problema<\/span><\/p>\n<p class=\"western\" align=\"justify\"><span style=\"font-size: large;\">Vamos con un poco de anatom\u00eda para poder situarnos:<\/span><\/p>\n<p class=\"western\" align=\"justify\"><span style=\"font-size: large;\">(En color <\/span><span style=\"color: #ff0000;\"><span style=\"font-size: large;\">rojo<\/span><\/span><span style=\"font-size: large;\"> os pondr\u00e9 los sitios o <\/span><span style=\"font-size: large;\"><b>zonas de posible conflicto<\/b><\/span><span style=\"font-size: large;\"> de atrapamiento, ya ver\u00e9is que hay m\u00e1s de una)<\/span><\/p>\n<p class=\"western\" align=\"justify\"><span style=\"font-size: large;\"><b>Sale de<\/b><\/span><span style=\"font-size: large;\"> los agujeros de conjunci\u00f3n<\/span> <span style=\"color: #ff0000;\"><span style=\"font-size: large;\">1<\/span><\/span><span style=\"font-size: large;\"> (espacio formado entre 2 v\u00e9rtebras) de <\/span><span style=\"font-size: large;\"><b>varias v\u00e9rtebras lumbares y sacras<\/b><\/span><span style=\"font-size: large;\"> y se une en un tronco gordo llamado nervio ci\u00e1tico (mara\u00f1a de nervios que inerva el miembro inferior), <\/span><span style=\"font-size: large;\"><b>atraviesa el m\u00fasculo piramidal<\/b><\/span> <span style=\"color: #ff0000;\"><span style=\"font-size: large;\">2<\/span><\/span><span style=\"font-size: large;\">, <\/span><span style=\"font-size: large;\"><b>baja por la parte posterior del muslo<\/b><\/span><span style=\"font-size: large;\"> (semimenbranoso, semitendinoso y b\u00edceps femoral) <\/span><span style=\"color: #ff0000;\"><span style=\"font-size: large;\">3<\/span><\/span><span style=\"font-size: large;\">, un poco antes del hueco popl\u00edteo (corva) se separa en ci\u00e1tico popl\u00edteo externo e interno:<\/span><\/p>\n<ol>\n<li class=\"western\"><span style=\"font-size: large;\">Interno o <\/span><span style=\"font-size: large;\"><b>nervio tibial<\/b><\/span><span style=\"color: #ff0000;\"><span style=\"font-size: large;\">: <\/span><\/span><span style=\"font-size: large;\">se dirige hacia el pie <\/span><span style=\"font-size: large;\"><b>por detr\u00e1s de la pierna<\/b><\/span> <span style=\"color: #ff0000;\"><span style=\"font-size: large;\">4<\/span><\/span><span style=\"font-size: large;\">, para llegar al <\/span><span style=\"font-size: large;\"><b>tobillo interno<\/b><\/span><span style=\"font-size: large;\"> (retin\u00e1culo de m\u00fasculos flexores) <\/span><span style=\"color: #ff0000;\"><span style=\"font-size: large;\">5<\/span><\/span> <span style=\"font-size: large;\">y terminar en la <\/span><span style=\"font-size: large;\"><b>planta del pi\u00e9<\/b><\/span><span style=\"font-size: large;\"> (fascia plantar y musculatura) <\/span><span style=\"color: #ff0000;\"><span style=\"font-size: large;\">6<\/span><\/span><span style=\"color: #339966;\"><span style=\"font-size: large;\">.<\/span><\/span><\/li>\n<li class=\"western\"><span style=\"font-size: large;\">Externo o <\/span><span style=\"font-size: large;\"><b>nervio peron\u00e9o<\/b><\/span><span style=\"font-size: large;\">: se dirige por el lateral de la rodilla hasta <\/span><span style=\"font-size: large;\"><b>la cabeza del peron\u00e9<\/b><\/span> <span style=\"color: #ff0000;\"><span style=\"font-size: large;\">7<\/span><\/span><span style=\"font-size: large;\">, y all\u00ed se divide en 2:<\/span><\/li>\n<\/ol>\n<p style=\"padding-left: 90px;\"><span style=\"font-size: large;\">-Nervio peron\u00e9o profundo atravesando la <\/span><span style=\"font-size: large;\"><b>musculatura peron\u00e9a<\/b><\/span> <span style=\"color: #ff0000;\"><span style=\"font-size: large;\">8<\/span><\/span><span style=\"font-size: large;\">,<\/span> <span style=\"font-size: large;\">e inervando al <\/span><span style=\"font-size: large;\"><b>pie por el lateral externo<\/b><\/span><span style=\"font-size: large;\">.<\/span><\/p>\n<p style=\"padding-left: 90px;\"><span style=\"font-size: large;\">-Nervio peron\u00e9o superficial bajando por <\/span><span style=\"font-size: large;\"><b>cara anterior de la pierna<\/b><\/span><span style=\"font-size: large;\"> atravesando los m\u00fasculos tibial y extensor com\u00fan de los dedos <\/span><span style=\"color: #ff0000;\"><span style=\"font-size: large;\">9<\/span><\/span><span style=\"font-size: large;\">, para llegar al tobillo (en esta zona es <\/span><span style=\"font-size: large;\"><b>donde suceden los<\/b><\/span> <span style=\"font-size: large;\"><b>problemas del nervio en los esguinces por su estiramiento<\/b><\/span><span style=\"font-size: large;\">) <\/span><span style=\"color: #ff0000;\"><span style=\"font-size: large;\">10<\/span><\/span><span style=\"font-size: large;\">, y terminar en la cara dorsal del pie.<\/span><\/p>\n<p class=\"western\" align=\"justify\"><span style=\"font-size: large;\">Como pod\u00e9is observar, <\/span><span style=\"font-size: large;\"><b>existen al menos 9 sitios por donde el nervio ci\u00e1tico puede sufrir un \u201cbloqueo\u201d . <\/b><\/span><\/p>\n<p class=\"western\" align=\"justify\"><span style=\"font-size: large;\">En <\/span><span style=\"font-size: large;\"><b><a href=\"http:\/\/www.fisioterapiasanfelix.com\/en\/\">Fisioterapia San F\u00e9lix<\/a> somos especialistas<\/b><\/span> <span style=\"font-size: large;\"><b>en<\/b><\/span><span style=\"font-size: large;\"> tratar <\/span><span style=\"font-size: large;\"><b>patolog\u00edas nerviosas<\/b><\/span><span style=\"font-size: large;\"> (<a href=\"http:\/\/www.fisioterapiasanfelix.com\/en\/sindrome-del-tunel-carpiano\/\">t\u00fanel carpiano,<\/a> nervio radial y cubital, ci\u00e1ticas, neuralgias de Arnold, fascitis plantar, etc.,) ya que llevamos a\u00f1os form\u00e1ndonos y demostr\u00e1ndolo, y con bastante buenos resultados; aunque tambi\u00e9n hay que decir que por desgracia, hay casos en que la soluci\u00f3n pasa por el quir\u00f3fano, pero nunca antes de pasar por nuestras manos y agotar todas las posibilidades.<\/span><\/p>\n<p class=\"western\" align=\"justify\"><span style=\"font-size: large;\"><b>Juan Jos\u00e9 S\u00e1nchez Segura Col. 2540<\/b><\/span><\/p>\n<p class=\"western\" align=\"justify\"><span style=\"font-size: large;\"><b>Centro de Fisioterapia San F\u00e9lix<\/b><\/span><\/p>\n<p class=\"western\" style=\"font-size: 6pt;\" align=\"justify\">Im\u00e1genes obtenida en:<br \/>\n<a href=\"http:\/\/fisioterapiasaludable.blogspot.com.es\/2012\/03\/nervio-ciatico.html\">http:\/\/fisioterapiasaludable.blogspot.com.es\/2012\/03\/nervio-ciatico.html<\/a><br \/>\n<a href=\"http:\/\/www.revclinesp.es\/en\/paraparesia-espastica-por-estenosis-canal\/articulo\/13109841\/\">http:\/\/www.revclinesp.es\/en\/paraparesia-espastica-por-estenosis-canal\/articulo\/13109841\/<\/a><br \/>\n<a href=\"http:\/\/www.saludalia.com\/pruebas-diagnosticas\/hernia-discal\">http:\/\/www.saludalia.com\/pruebas-diagnosticas\/hernia-discal<\/a><br \/>\n<a href=\"http:\/\/www.rehabilitacionpremiummadrid.com\/blog\/carmen-aguilar\/fisioterapia-en-espondilolistesis\">http:\/\/www.rehabilitacionpremiummadrid.com\/blog\/carmen-aguilar\/fisioterapia-en-espondilolistesis<\/a><br \/>\n<a href=\"http:\/\/www.ecured.cu\/index.php\/Espondilolisis\">http:\/\/www.ecured.cu\/index.php\/Espondilolisis<\/a><br \/>\n<a href=\"https:\/\/fisioteca.wordpress.com\/2012\/05\/15\/sindrome-del-piramidal-o-piriforme\/\">https:\/\/fisioteca.wordpress.com\/2012\/05\/15\/sindrome-del-piramidal-o-piriforme\/<\/a><br \/>\n<a href=\"http:\/\/residentestias.blogspot.com.es\/2011\/09\/es-mas-dificil-olvidar-las-cosas-cuando.html\">http:\/\/residentestias.blogspot.com.es\/2011\/09\/es-mas-dificil-olvidar-las-cosas-cuando.html<\/a><br \/>\n<a href=\"http:\/\/www.terapiasmanuales.com\/v2\/pub\/es\/terapias\/14\/masaje_del_pie\/\">http:\/\/www.terapiasmanuales.com\/v2\/pub\/es\/terapias\/14\/masaje_del_pie\/<\/a><\/p>","protected":false},"excerpt":{"rendered":"<p>La ci\u00e1tica es un conjunto de s\u00edntomas producidos por irritaci\u00f3n del nervio ci\u00e1tico. Nervio ci\u00e1tico: es el nervio m\u00e1s largo y voluminoso del organismo. Sale de las v\u00e9rtebras L4, L5, S1 y S2 (L= lumbar, S= sacro); esos \u201ccables\u201d se juntan para formar una \u201ctrenza\u201d, y atravesar varios agujeros o pasadizos, que llega hasta unos [&hellip;]<\/p>\n","protected":false},"author":1,"featured_media":2565,"comment_status":"closed","ping_status":"open","sticky":false,"template":"","format":"standard","meta":{"footnotes":""},"categories":[91],"tags":[98,99,100],"class_list":["post-783","post","type-post","status-publish","format-standard","has-post-thumbnail","hentry","category-el-blog-de-un-fisio-en-almeria","tag-ciatica","tag-nervio","tag-nervio-ciatico"],"yoast_head":"<!-- This site is optimized with the Yoast SEO plugin v28.2 - https:\/\/yoast.com\/product\/yoast-seo-wordpress\/ -->\n<title>Ci\u00e1tica - Fisioterapia San Felix<\/title>\n<meta name=\"description\" content=\"La ci\u00e1tica es un conjunto de s\u00edntomas producidos por irritaci\u00f3n del nervio ci\u00e1tico. En Fisioterapia San F\u00e9lix somos especialistas en patolog\u00edas nerviosas.\" \/>\n<meta name=\"robots\" content=\"index, follow, max-snippet:-1, max-image-preview:large, max-video-preview:-1\" \/>\n<link rel=\"canonical\" href=\"https:\/\/www.fisioterapiasanfelix.com\/en\/blog\/ciatica\/\" \/>\n<meta property=\"og:locale\" content=\"en_US\" \/>\n<meta property=\"og:type\" content=\"article\" \/>\n<meta property=\"og:title\" content=\"Ci\u00e1tica - Fisioterapia San Felix\" \/>\n<meta property=\"og:description\" content=\"La ci\u00e1tica es un conjunto de s\u00edntomas producidos por irritaci\u00f3n del nervio ci\u00e1tico. En Fisioterapia San F\u00e9lix somos especialistas en patolog\u00edas nerviosas.\" \/>\n<meta property=\"og:url\" content=\"https:\/\/www.fisioterapiasanfelix.com\/en\/blog\/ciatica\/\" \/>\n<meta property=\"og:site_name\" content=\"Fisioterapia San Felix\" \/>\n<meta property=\"article:publisher\" content=\"https:\/\/www.facebook.com\/FisioterapiaSanFelix\/?locale=es_ES\" \/>\n<meta property=\"article:published_time\" content=\"2026-01-22T16:47:30+00:00\" \/>\n<meta property=\"article:modified_time\" content=\"2026-08-22T16:48:33+00:00\" \/>\n<meta property=\"og:image\" content=\"https:\/\/www.fisioterapiasanfelix.com\/wp-content\/uploads\/2015\/11\/Dolor-Ciatico.jpg\" \/>\n\t<meta property=\"og:image:width\" content=\"300\" \/>\n\t<meta property=\"og:image:height\" content=\"300\" \/>\n\t<meta property=\"og:image:type\" content=\"image\/jpeg\" \/>\n<meta name=\"author\" content=\"admin\" \/>\n<meta name=\"twitter:card\" content=\"summary_large_image\" \/>\n<meta name=\"twitter:label1\" content=\"Written by\" \/>\n\t<meta name=\"twitter:data1\" content=\"admin\" \/>\n\t<meta name=\"twitter:label2\" content=\"Est. reading time\" \/>\n\t<meta name=\"twitter:data2\" content=\"5 minutes\" \/>\n<script type=\"application\/ld+json\" class=\"yoast-schema-graph\">{\"@context\":\"https:\\\/\\\/schema.org\",\"@graph\":[{\"@type\":\"Article\",\"@id\":\"https:\\\/\\\/www.fisioterapiasanfelix.com\\\/blog\\\/ciatica\\\/#article\",\"isPartOf\":{\"@id\":\"https:\\\/\\\/www.fisioterapiasanfelix.com\\\/blog\\\/ciatica\\\/\"},\"author\":{\"name\":\"admin\",\"@id\":\"https:\\\/\\\/www.fisioterapiasanfelix.com\\\/#\\\/schema\\\/person\\\/e593420eeba4e2dccc9effd1b24eb38f\"},\"headline\":\"Ci\u00e1tica\",\"datePublished\":\"2026-01-22T16:47:30+00:00\",\"dateModified\":\"2026-08-22T16:48:33+00:00\",\"mainEntityOfPage\":{\"@id\":\"https:\\\/\\\/www.fisioterapiasanfelix.com\\\/blog\\\/ciatica\\\/\"},\"wordCount\":831,\"publisher\":{\"@id\":\"https:\\\/\\\/www.fisioterapiasanfelix.com\\\/#organization\"},\"image\":{\"@id\":\"https:\\\/\\\/www.fisioterapiasanfelix.com\\\/blog\\\/ciatica\\\/#primaryimage\"},\"thumbnailUrl\":\"https:\\\/\\\/www.fisioterapiasanfelix.com\\\/wp-content\\\/uploads\\\/2015\\\/11\\\/Dolor-Ciatico.jpg\",\"keywords\":[\"Ci\u00e1tica\",\"Nervio\",\"Nervio Ci\u00e1tico\"],\"articleSection\":[\"El blog de un fisio en Almer\u00eda\"],\"inLanguage\":\"en-US\"},{\"@type\":\"WebPage\",\"@id\":\"https:\\\/\\\/www.fisioterapiasanfelix.com\\\/blog\\\/ciatica\\\/\",\"url\":\"https:\\\/\\\/www.fisioterapiasanfelix.com\\\/blog\\\/ciatica\\\/\",\"name\":\"Ci\u00e1tica - Fisioterapia San Felix\",\"isPartOf\":{\"@id\":\"https:\\\/\\\/www.fisioterapiasanfelix.com\\\/#website\"},\"primaryImageOfPage\":{\"@id\":\"https:\\\/\\\/www.fisioterapiasanfelix.com\\\/blog\\\/ciatica\\\/#primaryimage\"},\"image\":{\"@id\":\"https:\\\/\\\/www.fisioterapiasanfelix.com\\\/blog\\\/ciatica\\\/#primaryimage\"},\"thumbnailUrl\":\"https:\\\/\\\/www.fisioterapiasanfelix.com\\\/wp-content\\\/uploads\\\/2015\\\/11\\\/Dolor-Ciatico.jpg\",\"datePublished\":\"2026-01-22T16:47:30+00:00\",\"dateModified\":\"2026-08-22T16:48:33+00:00\",\"description\":\"La ci\u00e1tica es un conjunto de s\u00edntomas producidos por irritaci\u00f3n del nervio ci\u00e1tico. En Fisioterapia San F\u00e9lix somos especialistas en patolog\u00edas nerviosas.\",\"breadcrumb\":{\"@id\":\"https:\\\/\\\/www.fisioterapiasanfelix.com\\\/blog\\\/ciatica\\\/#breadcrumb\"},\"inLanguage\":\"en-US\",\"potentialAction\":[{\"@type\":\"ReadAction\",\"target\":[\"https:\\\/\\\/www.fisioterapiasanfelix.com\\\/blog\\\/ciatica\\\/\"]}]},{\"@type\":\"ImageObject\",\"inLanguage\":\"en-US\",\"@id\":\"https:\\\/\\\/www.fisioterapiasanfelix.com\\\/blog\\\/ciatica\\\/#primaryimage\",\"url\":\"https:\\\/\\\/www.fisioterapiasanfelix.com\\\/wp-content\\\/uploads\\\/2015\\\/11\\\/Dolor-Ciatico.jpg\",\"contentUrl\":\"https:\\\/\\\/www.fisioterapiasanfelix.com\\\/wp-content\\\/uploads\\\/2015\\\/11\\\/Dolor-Ciatico.jpg\",\"width\":300,\"height\":300},{\"@type\":\"BreadcrumbList\",\"@id\":\"https:\\\/\\\/www.fisioterapiasanfelix.com\\\/blog\\\/ciatica\\\/#breadcrumb\",\"itemListElement\":[{\"@type\":\"ListItem\",\"position\":1,\"name\":\"Portada\",\"item\":\"https:\\\/\\\/www.fisioterapiasanfelix.com\\\/\"},{\"@type\":\"ListItem\",\"position\":2,\"name\":\"Ci\u00e1tica\"}]},{\"@type\":\"WebSite\",\"@id\":\"https:\\\/\\\/www.fisioterapiasanfelix.com\\\/#website\",\"url\":\"https:\\\/\\\/www.fisioterapiasanfelix.com\\\/\",\"name\":\"Fisioterapia San Felix\",\"description\":\"Cl\u00ednica en Almer\u00eda especializada en fisioterapia, osteopat\u00eda, suelo p\u00e9lvico, ejercicio terap\u00e9utico, nutrici\u00f3n y psicolog\u00eda. Cuidamos de tu salud. \u00a1Pide cita!\",\"publisher\":{\"@id\":\"https:\\\/\\\/www.fisioterapiasanfelix.com\\\/#organization\"},\"alternateName\":\"Clinica de Fisioterapia y nutrici\u00f3n San Felix\",\"potentialAction\":[{\"@type\":\"SearchAction\",\"target\":{\"@type\":\"EntryPoint\",\"urlTemplate\":\"https:\\\/\\\/www.fisioterapiasanfelix.com\\\/?s={search_term_string}\"},\"query-input\":{\"@type\":\"PropertyValueSpecification\",\"valueRequired\":true,\"valueName\":\"search_term_string\"}}],\"inLanguage\":\"en-US\"},{\"@type\":\"Organization\",\"@id\":\"https:\\\/\\\/www.fisioterapiasanfelix.com\\\/#organization\",\"name\":\"Fisioterapia San Felix\",\"alternateName\":\"Cl\u00ednica de fisioterapia y nutrici\u00f3n San Felix\",\"url\":\"https:\\\/\\\/www.fisioterapiasanfelix.com\\\/\",\"logo\":{\"@type\":\"ImageObject\",\"inLanguage\":\"en-US\",\"@id\":\"https:\\\/\\\/www.fisioterapiasanfelix.com\\\/#\\\/schema\\\/logo\\\/image\\\/\",\"url\":\"https:\\\/\\\/www.fisioterapiasanfelix.com\\\/wp-content\\\/uploads\\\/2025\\\/05\\\/favicon-fisioterapia-san-felix.png\",\"contentUrl\":\"https:\\\/\\\/www.fisioterapiasanfelix.com\\\/wp-content\\\/uploads\\\/2025\\\/05\\\/favicon-fisioterapia-san-felix.png\",\"width\":512,\"height\":512,\"caption\":\"Fisioterapia San Felix\"},\"image\":{\"@id\":\"https:\\\/\\\/www.fisioterapiasanfelix.com\\\/#\\\/schema\\\/logo\\\/image\\\/\"},\"sameAs\":[\"https:\\\/\\\/www.facebook.com\\\/FisioterapiaSanFelix\\\/?locale=es_ES\",\"https:\\\/\\\/www.instagram.com\\\/fisioterapiasanfelix\"]},{\"@type\":\"Person\",\"@id\":\"https:\\\/\\\/www.fisioterapiasanfelix.com\\\/#\\\/schema\\\/person\\\/e593420eeba4e2dccc9effd1b24eb38f\",\"name\":\"admin\",\"image\":{\"@type\":\"ImageObject\",\"inLanguage\":\"en-US\",\"@id\":\"https:\\\/\\\/secure.gravatar.com\\\/avatar\\\/8512bbb93f9824150d2b9a463199f9ccfb307d8c84c359f184658c391ed3f6b1?s=96&d=mm&r=g\",\"url\":\"https:\\\/\\\/secure.gravatar.com\\\/avatar\\\/8512bbb93f9824150d2b9a463199f9ccfb307d8c84c359f184658c391ed3f6b1?s=96&d=mm&r=g\",\"contentUrl\":\"https:\\\/\\\/secure.gravatar.com\\\/avatar\\\/8512bbb93f9824150d2b9a463199f9ccfb307d8c84c359f184658c391ed3f6b1?s=96&d=mm&r=g\",\"caption\":\"admin\"},\"sameAs\":[\"https:\\\/\\\/sanfelix.artkvisual.com\"],\"url\":\"https:\\\/\\\/www.fisioterapiasanfelix.com\\\/en\\\/blog\\\/author\\\/adelantia\\\/\"}]}<\/script>\n<!-- \/ Yoast SEO plugin. -->","yoast_head_json":{"title":"Ci\u00e1tica - Fisioterapia San Felix","description":"La ci\u00e1tica es un conjunto de s\u00edntomas producidos por irritaci\u00f3n del nervio ci\u00e1tico. En Fisioterapia San F\u00e9lix somos especialistas en patolog\u00edas nerviosas.","robots":{"index":"index","follow":"follow","max-snippet":"max-snippet:-1","max-image-preview":"max-image-preview:large","max-video-preview":"max-video-preview:-1"},"canonical":"https:\/\/www.fisioterapiasanfelix.com\/en\/blog\/ciatica\/","og_locale":"en_US","og_type":"article","og_title":"Ci\u00e1tica - Fisioterapia San Felix","og_description":"La ci\u00e1tica es un conjunto de s\u00edntomas producidos por irritaci\u00f3n del nervio ci\u00e1tico. En Fisioterapia San F\u00e9lix somos especialistas en patolog\u00edas nerviosas.","og_url":"https:\/\/www.fisioterapiasanfelix.com\/en\/blog\/ciatica\/","og_site_name":"Fisioterapia San Felix","article_publisher":"https:\/\/www.facebook.com\/FisioterapiaSanFelix\/?locale=es_ES","article_published_time":"2026-01-22T16:47:30+00:00","article_modified_time":"2026-08-22T16:48:33+00:00","og_image":[{"width":300,"height":300,"url":"https:\/\/www.fisioterapiasanfelix.com\/wp-content\/uploads\/2015\/11\/Dolor-Ciatico.jpg","type":"image\/jpeg"}],"author":"admin","twitter_card":"summary_large_image","twitter_misc":{"Written by":"admin","Est. reading time":"5 minutes"},"schema":{"@context":"https:\/\/schema.org","@graph":[{"@type":"Article","@id":"https:\/\/www.fisioterapiasanfelix.com\/blog\/ciatica\/#article","isPartOf":{"@id":"https:\/\/www.fisioterapiasanfelix.com\/blog\/ciatica\/"},"author":{"name":"admin","@id":"https:\/\/www.fisioterapiasanfelix.com\/#\/schema\/person\/e593420eeba4e2dccc9effd1b24eb38f"},"headline":"Ci\u00e1tica","datePublished":"2026-01-22T16:47:30+00:00","dateModified":"2026-08-22T16:48:33+00:00","mainEntityOfPage":{"@id":"https:\/\/www.fisioterapiasanfelix.com\/blog\/ciatica\/"},"wordCount":831,"publisher":{"@id":"https:\/\/www.fisioterapiasanfelix.com\/#organization"},"image":{"@id":"https:\/\/www.fisioterapiasanfelix.com\/blog\/ciatica\/#primaryimage"},"thumbnailUrl":"https:\/\/www.fisioterapiasanfelix.com\/wp-content\/uploads\/2015\/11\/Dolor-Ciatico.jpg","keywords":["Ci\u00e1tica","Nervio","Nervio Ci\u00e1tico"],"articleSection":["El blog de un fisio en Almer\u00eda"],"inLanguage":"en-US"},{"@type":"WebPage","@id":"https:\/\/www.fisioterapiasanfelix.com\/blog\/ciatica\/","url":"https:\/\/www.fisioterapiasanfelix.com\/blog\/ciatica\/","name":"Ci\u00e1tica - Fisioterapia San Felix","isPartOf":{"@id":"https:\/\/www.fisioterapiasanfelix.com\/#website"},"primaryImageOfPage":{"@id":"https:\/\/www.fisioterapiasanfelix.com\/blog\/ciatica\/#primaryimage"},"image":{"@id":"https:\/\/www.fisioterapiasanfelix.com\/blog\/ciatica\/#primaryimage"},"thumbnailUrl":"https:\/\/www.fisioterapiasanfelix.com\/wp-content\/uploads\/2015\/11\/Dolor-Ciatico.jpg","datePublished":"2026-01-22T16:47:30+00:00","dateModified":"2026-08-22T16:48:33+00:00","description":"La ci\u00e1tica es un conjunto de s\u00edntomas producidos por irritaci\u00f3n del nervio ci\u00e1tico. En Fisioterapia San F\u00e9lix somos especialistas en patolog\u00edas nerviosas.","breadcrumb":{"@id":"https:\/\/www.fisioterapiasanfelix.com\/blog\/ciatica\/#breadcrumb"},"inLanguage":"en-US","potentialAction":[{"@type":"ReadAction","target":["https:\/\/www.fisioterapiasanfelix.com\/blog\/ciatica\/"]}]},{"@type":"ImageObject","inLanguage":"en-US","@id":"https:\/\/www.fisioterapiasanfelix.com\/blog\/ciatica\/#primaryimage","url":"https:\/\/www.fisioterapiasanfelix.com\/wp-content\/uploads\/2015\/11\/Dolor-Ciatico.jpg","contentUrl":"https:\/\/www.fisioterapiasanfelix.com\/wp-content\/uploads\/2015\/11\/Dolor-Ciatico.jpg","width":300,"height":300},{"@type":"BreadcrumbList","@id":"https:\/\/www.fisioterapiasanfelix.com\/blog\/ciatica\/#breadcrumb","itemListElement":[{"@type":"ListItem","position":1,"name":"Portada","item":"https:\/\/www.fisioterapiasanfelix.com\/"},{"@type":"ListItem","position":2,"name":"Ci\u00e1tica"}]},{"@type":"WebSite","@id":"https:\/\/www.fisioterapiasanfelix.com\/#website","url":"https:\/\/www.fisioterapiasanfelix.com\/","name":"Fisioterapia San Felix","description":"Cl\u00ednica en Almer\u00eda especializada en fisioterapia, osteopat\u00eda, suelo p\u00e9lvico, ejercicio terap\u00e9utico, nutrici\u00f3n y psicolog\u00eda. Cuidamos de tu salud. \u00a1Pide cita!","publisher":{"@id":"https:\/\/www.fisioterapiasanfelix.com\/#organization"},"alternateName":"Clinica de Fisioterapia y nutrici\u00f3n San Felix","potentialAction":[{"@type":"SearchAction","target":{"@type":"EntryPoint","urlTemplate":"https:\/\/www.fisioterapiasanfelix.com\/?s={search_term_string}"},"query-input":{"@type":"PropertyValueSpecification","valueRequired":true,"valueName":"search_term_string"}}],"inLanguage":"en-US"},{"@type":"Organization","@id":"https:\/\/www.fisioterapiasanfelix.com\/#organization","name":"Fisioterapia San Felix","alternateName":"Cl\u00ednica de fisioterapia y nutrici\u00f3n San Felix","url":"https:\/\/www.fisioterapiasanfelix.com\/","logo":{"@type":"ImageObject","inLanguage":"en-US","@id":"https:\/\/www.fisioterapiasanfelix.com\/#\/schema\/logo\/image\/","url":"https:\/\/www.fisioterapiasanfelix.com\/wp-content\/uploads\/2025\/05\/favicon-fisioterapia-san-felix.png","contentUrl":"https:\/\/www.fisioterapiasanfelix.com\/wp-content\/uploads\/2025\/05\/favicon-fisioterapia-san-felix.png","width":512,"height":512,"caption":"Fisioterapia San Felix"},"image":{"@id":"https:\/\/www.fisioterapiasanfelix.com\/#\/schema\/logo\/image\/"},"sameAs":["https:\/\/www.facebook.com\/FisioterapiaSanFelix\/?locale=es_ES","https:\/\/www.instagram.com\/fisioterapiasanfelix"]},{"@type":"Person","@id":"https:\/\/www.fisioterapiasanfelix.com\/#\/schema\/person\/e593420eeba4e2dccc9effd1b24eb38f","name":"admin","image":{"@type":"ImageObject","inLanguage":"en-US","@id":"https:\/\/secure.gravatar.com\/avatar\/8512bbb93f9824150d2b9a463199f9ccfb307d8c84c359f184658c391ed3f6b1?s=96&d=mm&r=g","url":"https:\/\/secure.gravatar.com\/avatar\/8512bbb93f9824150d2b9a463199f9ccfb307d8c84c359f184658c391ed3f6b1?s=96&d=mm&r=g","contentUrl":"https:\/\/secure.gravatar.com\/avatar\/8512bbb93f9824150d2b9a463199f9ccfb307d8c84c359f184658c391ed3f6b1?s=96&d=mm&r=g","caption":"admin"},"sameAs":["https:\/\/sanfelix.artkvisual.com"],"url":"https:\/\/www.fisioterapiasanfelix.com\/en\/blog\/author\/adelantia\/"}]}},"_links":{"self":[{"href":"https:\/\/www.fisioterapiasanfelix.com\/en\/wp-json\/wp\/v2\/posts\/783","targetHints":{"allow":["GET"]}}],"collection":[{"href":"https:\/\/www.fisioterapiasanfelix.com\/en\/wp-json\/wp\/v2\/posts"}],"about":[{"href":"https:\/\/www.fisioterapiasanfelix.com\/en\/wp-json\/wp\/v2\/types\/post"}],"author":[{"embeddable":true,"href":"https:\/\/www.fisioterapiasanfelix.com\/en\/wp-json\/wp\/v2\/users\/1"}],"replies":[{"embeddable":true,"href":"https:\/\/www.fisioterapiasanfelix.com\/en\/wp-json\/wp\/v2\/comments?post=783"}],"version-history":[{"count":1,"href":"https:\/\/www.fisioterapiasanfelix.com\/en\/wp-json\/wp\/v2\/posts\/783\/revisions"}],"predecessor-version":[{"id":76515,"href":"https:\/\/www.fisioterapiasanfelix.com\/en\/wp-json\/wp\/v2\/posts\/783\/revisions\/76515"}],"wp:featuredmedia":[{"embeddable":true,"href":"https:\/\/www.fisioterapiasanfelix.com\/en\/wp-json\/wp\/v2\/media\/2565"}],"wp:attachment":[{"href":"https:\/\/www.fisioterapiasanfelix.com\/en\/wp-json\/wp\/v2\/media?parent=783"}],"wp:term":[{"taxonomy":"category","embeddable":true,"href":"https:\/\/www.fisioterapiasanfelix.com\/en\/wp-json\/wp\/v2\/categories?post=783"},{"taxonomy":"post_tag","embeddable":true,"href":"https:\/\/www.fisioterapiasanfelix.com\/en\/wp-json\/wp\/v2\/tags?post=783"}],"curies":[{"name":"wp","href":"https:\/\/api.w.org\/{rel}","templated":true}]}}